{"id":640,"date":"2012-10-18T20:56:45","date_gmt":"2012-10-18T17:56:45","guid":{"rendered":"http:\/\/www.radiofiskars.fi\/?p=640"},"modified":"2012-10-18T20:56:45","modified_gmt":"2012-10-18T17:56:45","slug":"fiskars-kylaseuran-saunassa-tulipalo","status":"publish","type":"post","link":"https:\/\/www.radiofiskars.fi\/wordpress\/2012\/10\/fiskars-kylaseuran-saunassa-tulipalo\/","title":{"rendered":"Mari Ojala kertoo kyl\u00e4saunan tulipalosta"},"content":{"rendered":"<p>Fiskarsin kyl\u00e4seuran saunatoimikunnan puheenjohtaja Mari Ojala kertoo mit\u00e4 18.10.2012 illalla syttyneess\u00e4 saunapalossa tapahtui ja mik\u00e4 tilanne on nyt.<\/p>\n[audio:https:\/\/www.radiofiskars.fi\/wordpress\/wp-content\/uploads\/2012\/10\/mariojalaklikkaa.mp3]\n<p><a href=\"https:\/\/www.radiofiskars.fi\/wordpress\/wp-content\/uploads\/2012\/10\/mariojalaklikkaa.mp3\">Lataa\/kuuntele mp3-muodossa<\/a><\/p>\n<div class=\"powerpress_player\" id=\"powerpress_player_1737\"><audio class=\"wp-audio-shortcode\" id=\"audio-640-1\" preload=\"none\" style=\"width: 100%;\" controls=\"controls\"><source type=\"audio\/mpeg\" src=\"http:\/\/www.radiofiskars.fi\/wp-content\/uploads\/2012\/10\/mariojalaklikkaa.mp3?_=1\" \/><a href=\"http:\/\/www.radiofiskars.fi\/wp-content\/uploads\/2012\/10\/mariojalaklikkaa.mp3\">http:\/\/www.radiofiskars.fi\/wp-content\/uploads\/2012\/10\/mariojalaklikkaa.mp3<\/a><\/audio><\/div><p class=\"powerpress_links powerpress_links_mp3\" style=\"margin-bottom: 1px !important;\">Podcast: <a href=\"http:\/\/www.radiofiskars.fi\/wp-content\/uploads\/2012\/10\/mariojalaklikkaa.mp3\" class=\"powerpress_link_pinw\" target=\"_blank\" title=\"Play in new window\" onclick=\"return powerpress_pinw('https:\/\/www.radiofiskars.fi\/wordpress\/?powerpress_pinw=640-podcast');\" rel=\"nofollow\">Play in new window<\/a><\/p><!--powerpress_player-->","protected":false},"excerpt":{"rendered":"<p>Fiskarsin kyl\u00e4seuran saunatoimikunnan puheenjohtaja Mari Ojala kertoo mit\u00e4 18.10.2012 illalla syttyneess\u00e4 saunapalossa tapahtui ja mik\u00e4 tilanne on nyt. [audio:https:\/\/www.radiofiskars.fi\/wordpress\/wp-content\/uploads\/2012\/10\/mariojalaklikkaa.mp3] Lataa\/kuuntele mp3-muodossa http:\/\/www.radiofiskars.fi\/wp-content\/uploads\/2012\/10\/mariojalaklikkaa.mp3Podcast: Play in new window<\/p>\n","protected":false},"author":2,"featured_media":0,"comment_status":"open","ping_status":"open","sticky":false,"template":"","format":"standard","meta":{"footnotes":""},"categories":[9],"tags":[],"class_list":["post-640","post","type-post","status-publish","format-standard","hentry","category-ruukinjyviajaakanoita"],"_links":{"self":[{"href":"https:\/\/www.radiofiskars.fi\/wordpress\/wp-json\/wp\/v2\/posts\/640","targetHints":{"allow":["GET"]}}],"collection":[{"href":"https:\/\/www.radiofiskars.fi\/wordpress\/wp-json\/wp\/v2\/posts"}],"about":[{"href":"https:\/\/www.radiofiskars.fi\/wordpress\/wp-json\/wp\/v2\/types\/post"}],"author":[{"embeddable":true,"href":"https:\/\/www.radiofiskars.fi\/wordpress\/wp-json\/wp\/v2\/users\/2"}],"replies":[{"embeddable":true,"href":"https:\/\/www.radiofiskars.fi\/wordpress\/wp-json\/wp\/v2\/comments?post=640"}],"version-history":[{"count":0,"href":"https:\/\/www.radiofiskars.fi\/wordpress\/wp-json\/wp\/v2\/posts\/640\/revisions"}],"wp:attachment":[{"href":"https:\/\/www.radiofiskars.fi\/wordpress\/wp-json\/wp\/v2\/media?parent=640"}],"wp:term":[{"taxonomy":"category","embeddable":true,"href":"https:\/\/www.radiofiskars.fi\/wordpress\/wp-json\/wp\/v2\/categories?post=640"},{"taxonomy":"post_tag","embeddable":true,"href":"https:\/\/www.radiofiskars.fi\/wordpress\/wp-json\/wp\/v2\/tags?post=640"}],"curies":[{"name":"wp","href":"https:\/\/api.w.org\/{rel}","templated":true}]}}