{"id":6601,"date":"2022-06-08T19:20:40","date_gmt":"2022-06-08T16:20:40","guid":{"rendered":"https:\/\/www.radiofiskars.fi\/wordpress\/?p=6601"},"modified":"2025-01-07T15:09:52","modified_gmt":"2025-01-07T13:09:52","slug":"borje-mattssonin-matkassa-rauhan-ja-nuorisofestivaaleilla-1970-luvulta-tahan-paivaan","status":"publish","type":"post","link":"https:\/\/www.radiofiskars.fi\/wordpress\/2022\/06\/borje-mattssonin-matkassa-rauhan-ja-nuorisofestivaaleilla-1970-luvulta-tahan-paivaan\/","title":{"rendered":"B\u00f6rje Mattssonin matkassa rauhan- ja nuorisofestivaaleilla 1970-luvulta t\u00e4h\u00e4n p\u00e4iv\u00e4\u00e4n"},"content":{"rendered":"\n<figure class=\"wp-block-image size-large\"><a href=\"https:\/\/www.radiofiskars.fi\/wp-content\/uploads\/2022\/06\/borje_mattsson_faces2013_2-scaled.jpg\"><img loading=\"lazy\" decoding=\"async\" width=\"1024\" height=\"685\" src=\"https:\/\/www.radiofiskars.fi\/wp-content\/uploads\/2022\/06\/borje_mattsson_faces2013_2-1024x685.jpg\" alt=\"\" class=\"wp-image-6585\" srcset=\"https:\/\/www.radiofiskars.fi\/wp-content\/uploads\/2022\/06\/borje_mattsson_faces2013_2-1024x685.jpg 1024w, https:\/\/www.radiofiskars.fi\/wp-content\/uploads\/2022\/06\/borje_mattsson_faces2013_2-300x201.jpg 300w, https:\/\/www.radiofiskars.fi\/wp-content\/uploads\/2022\/06\/borje_mattsson_faces2013_2-768x514.jpg 768w, https:\/\/www.radiofiskars.fi\/wp-content\/uploads\/2022\/06\/borje_mattsson_faces2013_2-1536x1028.jpg 1536w, https:\/\/www.radiofiskars.fi\/wp-content\/uploads\/2022\/06\/borje_mattsson_faces2013_2-2048x1371.jpg 2048w\" sizes=\"auto, (max-width: 1024px) 100vw, 1024px\" \/><\/a><\/figure>\n\n\n\n<p>Harvinainen haastattelu Suomen ja Pohjoismaiden\u00a0<em>nuoriso- ja rauhanfestivaalien<\/em>\u00a0kehityksest\u00e4: Kaikki alkoi 1970-luvun lopulla, jolloin Norjan Nato-alueelle oltiin tuomassa raskasta aseistusta. T\u00e4t\u00e4 vastustamaan j\u00e4rjestettiin tapahtuma, johon suomalaiset osallistuivat py\u00f6r\u00e4marssilla. Syntyi\u00a0<em>Nyt-liike<\/em>, joka toteutti useita erityisesti nuorisolle suunnattuja festivaaleja \u2013 muun muassa\u00a0<em>Maan Puolustusleireill\u00e4\u00a0<\/em>pohdittiin ymp\u00e4rist\u00f6asioita.<\/p>\n\n\n\n<p>Liikehdint\u00e4 kasvoi ja eteni, ja <em>Nytin<\/em> tilalle tuli&nbsp;<em>Koivu ja T\u00e4hti<\/em>. Aktiiviset j\u00e4rjest\u00e4j\u00e4t tekiv\u00e4t Ahvenanmaan hiekkarannoille rauhanfestivaalin, johon osallistui ihmisi\u00e4 ja aluksia It\u00e4merta ymp\u00e4r\u00f6ivist\u00e4 maista.&nbsp;<\/p>\n\n\n\n<p>Vuosi 1989 ja&nbsp;<em>Murmansk<\/em>&nbsp;on innoittava luku rauhanty\u00f6n ja nuorisofestivaalien historiassa. T\u00e4t\u00e4 saavutusta hehkutti my\u00f6s Neuvostoliiton presidentti&nbsp;<strong>Mihail Gorbatsov<\/strong>&nbsp;tapahtumaj\u00e4rjest\u00e4jien p\u00e4\u00e4joukolle l\u00e4hett\u00e4m\u00e4ss\u00e4\u00e4n viestiss\u00e4. Murmansk, jonne oli sijoitettu eniten ydinaseita koko maailmassa, avautui monien vaiheiden j\u00e4lkeen festivaaleille, joihin osallistui noin 300.000 juhlijaa. Hetken aikaa kuljettiin yht\u00e4 matkaa kohti parempaa Eurooppaa.<\/p>\n\n\n\n<p>Festivaalin toteutuminen oli utopia, joka muuttui todeksi. Kaikkien edell\u00e4 mainittujen festivaalien p\u00e4\u00e4j\u00e4rjest\u00e4jiin kuulunut\u00a0<strong>B\u00f6rje Mattsson<\/strong>\u00a0kertoo haastattelussa, mit\u00e4 tarvitaan unelman muuttamiseksi todeksi. Lis\u00e4ksi h\u00e4nell\u00e4 on runsaasti j\u00e4nnitt\u00e4vi\u00e4 ja my\u00f6s koskettavia tarinoita n\u00e4ilt\u00e4 ajoilta.<\/p>\n\n\n\n<p>Haastattelun loppupuolella Mattson kertoo konkreettisesti, miten yksi toteutunut unelma yhdisti kesken\u00e4\u00e4n sotaa k\u00e4yneet ihmiset vihollisalueita yhdist\u00e4v\u00e4ll\u00e4 sillalla.&nbsp;<\/p>\n\n\n\n<p>Lopussa kuulemme, mitk\u00e4 tekij\u00e4t ratkaisivat sen, ett\u00e4&nbsp;<em>Faces-etnofestivaali<\/em>&nbsp;perustettiin 25 vuotta sitten L\u00e4nsi-Uudellemaalle. Suvi Heino<\/p>\n\n\n\n<figure class=\"wp-block-image size-full\"><a href=\"https:\/\/www.radiofiskars.fi\/wp-content\/uploads\/2022\/06\/B\u00f6rje-dans.jpg\"><img decoding=\"async\" src=\"https:\/\/www.radiofiskars.fi\/wp-content\/uploads\/2022\/06\/B\u00f6rje-dans.jpg\" alt=\"\" class=\"wp-image-6586\"\/><\/a><\/figure>\n<div class=\"powerpress_player\" id=\"powerpress_player_1875\"><audio class=\"wp-audio-shortcode\" id=\"audio-6601-1\" preload=\"none\" style=\"width: 100%;\" controls=\"controls\"><source type=\"audio\/mpeg\" src=\"https:\/\/www.radiofiskars.fi\/wp-content\/uploads\/2022\/06\/Borjen-festaritarina-poistotehty_01.mp3?_=1\" \/><a href=\"https:\/\/www.radiofiskars.fi\/wp-content\/uploads\/2022\/06\/Borjen-festaritarina-poistotehty_01.mp3\">https:\/\/www.radiofiskars.fi\/wp-content\/uploads\/2022\/06\/Borjen-festaritarina-poistotehty_01.mp3<\/a><\/audio><\/div><p class=\"powerpress_links powerpress_links_mp3\" style=\"margin-bottom: 1px !important;\">Podcast: <a href=\"https:\/\/www.radiofiskars.fi\/wp-content\/uploads\/2022\/06\/Borjen-festaritarina-poistotehty_01.mp3\" class=\"powerpress_link_pinw\" target=\"_blank\" title=\"Play in new window\" onclick=\"return powerpress_pinw('https:\/\/www.radiofiskars.fi\/wordpress\/?powerpress_pinw=6601-podcast');\" rel=\"nofollow\">Play in new window<\/a><\/p><!--powerpress_player-->","protected":false},"excerpt":{"rendered":"<p>Harvinainen haastattelu Suomen ja Pohjoismaiden\u00a0nuoriso- ja rauhanfestivaalien\u00a0kehityksest\u00e4: Kaikki alkoi 1970-luvun lopulla, jolloin Norjan Nato-alueelle oltiin tuomassa raskasta aseistusta. T\u00e4t\u00e4 vastustamaan j\u00e4rjestettiin tapahtuma, johon suomalaiset osallistuivat py\u00f6r\u00e4marssilla. Syntyi\u00a0Nyt-liike, joka toteutti useita erityisesti nuorisolle suunnattuja festivaaleja \u2013 muun muassa\u00a0Maan Puolustusleireill\u00e4\u00a0pohdittiin ymp\u00e4rist\u00f6asioita. Liikehdint\u00e4 kasvoi ja eteni, ja Nytin tilalle tuli&nbsp;Koivu ja T\u00e4hti. Aktiiviset j\u00e4rjest\u00e4j\u00e4t tekiv\u00e4t Ahvenanmaan hiekkarannoille rauhanfestivaalin, &hellip; <a href=\"https:\/\/www.radiofiskars.fi\/wordpress\/2022\/06\/borje-mattssonin-matkassa-rauhan-ja-nuorisofestivaaleilla-1970-luvulta-tahan-paivaan\/\" class=\"more-link\">Jatka lukemista <span class=\"screen-reader-text\">B\u00f6rje Mattssonin matkassa rauhan- ja nuorisofestivaaleilla 1970-luvulta t\u00e4h\u00e4n p\u00e4iv\u00e4\u00e4n<\/span> <span class=\"meta-nav\">&rarr;<\/span><\/a><\/p>\n","protected":false},"author":2,"featured_media":0,"comment_status":"closed","ping_status":"closed","sticky":false,"template":"","format":"standard","meta":{"footnotes":""},"categories":[5],"tags":[253,862,863,864],"class_list":["post-6601","post","type-post","status-publish","format-standard","hentry","category-haastattelut","tag-borje-mattsson","tag-festivaalit","tag-nuoriso","tag-rauhantyo"],"_links":{"self":[{"href":"https:\/\/www.radiofiskars.fi\/wordpress\/wp-json\/wp\/v2\/posts\/6601","targetHints":{"allow":["GET"]}}],"collection":[{"href":"https:\/\/www.radiofiskars.fi\/wordpress\/wp-json\/wp\/v2\/posts"}],"about":[{"href":"https:\/\/www.radiofiskars.fi\/wordpress\/wp-json\/wp\/v2\/types\/post"}],"author":[{"embeddable":true,"href":"https:\/\/www.radiofiskars.fi\/wordpress\/wp-json\/wp\/v2\/users\/2"}],"replies":[{"embeddable":true,"href":"https:\/\/www.radiofiskars.fi\/wordpress\/wp-json\/wp\/v2\/comments?post=6601"}],"version-history":[{"count":11,"href":"https:\/\/www.radiofiskars.fi\/wordpress\/wp-json\/wp\/v2\/posts\/6601\/revisions"}],"predecessor-version":[{"id":6637,"href":"https:\/\/www.radiofiskars.fi\/wordpress\/wp-json\/wp\/v2\/posts\/6601\/revisions\/6637"}],"wp:attachment":[{"href":"https:\/\/www.radiofiskars.fi\/wordpress\/wp-json\/wp\/v2\/media?parent=6601"}],"wp:term":[{"taxonomy":"category","embeddable":true,"href":"https:\/\/www.radiofiskars.fi\/wordpress\/wp-json\/wp\/v2\/categories?post=6601"},{"taxonomy":"post_tag","embeddable":true,"href":"https:\/\/www.radiofiskars.fi\/wordpress\/wp-json\/wp\/v2\/tags?post=6601"}],"curies":[{"name":"wp","href":"https:\/\/api.w.org\/{rel}","templated":true}]}}