{"id":6671,"date":"2022-08-17T17:18:24","date_gmt":"2022-08-17T14:18:24","guid":{"rendered":"https:\/\/www.radiofiskars.fi\/wordpress\/?p=6671"},"modified":"2025-01-07T15:09:47","modified_gmt":"2025-01-07T13:09:47","slug":"vieraana-nathalie-ahlstrom","status":"publish","type":"post","link":"https:\/\/www.radiofiskars.fi\/wordpress\/2022\/08\/vieraana-nathalie-ahlstrom\/","title":{"rendered":"Vieraana Nathalie Ahlstr\u00f6m"},"content":{"rendered":"\n<p>Radiofiskarsin syyskauden ensimm\u00e4isen\u00e4 vieraana on Fiskars-yhti\u00f6n toimitusjohtaja <strong>Nathalie Ahlstr\u00f6m<\/strong>. Fiskars Groupin kuulumisten lis\u00e4ksi puheenaiheena on tietenkin t\u00e4m\u00e4 kotoinen ruukki ja sen tulevaisuus.<\/p>\n\n\n\n<p>L\u00e4hialueen ruukeista moni on viime vuosina kasvattanut suosiotaan. Onko niist\u00e4 tullut haastajia Fiskarin yhteis\u00f6lle?<br>Pitk\u00e4\u00e4n ollut kehitys palveluiden keskitt\u00e4misest\u00e4 keskuksiin n\u00e4kyy my\u00f6s t\u00e4\u00e4ll\u00e4. Voisiko kehityksen suuntaa muuttaa ja palvelujen karsimisen sijaan jo menetettyj\u00e4 palauttaa takaisin?<br>Omavaraistalous on yh\u00e4 useamman kyl\u00e4l\u00e4isen tavoitteena. Tullaanko my\u00f6s jatkossa s\u00e4ilytt\u00e4m\u00e4\u00e4n ruukin l\u00e4himets\u00e4t asukkaiden marjastus- ja sienestys- sek\u00e4 virkistysalueina? Onko asukkaille luvassa peuran kaatolupia?<br>Mukana my\u00f6s terveiset asukkaille.<br>Suvi Heino<\/p>\n\n\n\n<div class=\"wp-block-image\"><figure class=\"aligncenter size-large is-resized\"><a href=\"https:\/\/www.radiofiskars.fi\/wp-content\/uploads\/2022\/08\/P1120915-scaled.jpg\"><img loading=\"lazy\" decoding=\"async\" src=\"https:\/\/www.radiofiskars.fi\/wp-content\/uploads\/2022\/08\/P1120915-768x1024.jpg\" alt=\"\" class=\"wp-image-6668\" width=\"411\" height=\"548\" srcset=\"https:\/\/www.radiofiskars.fi\/wp-content\/uploads\/2022\/08\/P1120915-768x1024.jpg 768w, https:\/\/www.radiofiskars.fi\/wp-content\/uploads\/2022\/08\/P1120915-225x300.jpg 225w, https:\/\/www.radiofiskars.fi\/wp-content\/uploads\/2022\/08\/P1120915-1152x1536.jpg 1152w, https:\/\/www.radiofiskars.fi\/wp-content\/uploads\/2022\/08\/P1120915-1536x2048.jpg 1536w, https:\/\/www.radiofiskars.fi\/wp-content\/uploads\/2022\/08\/P1120915-scaled.jpg 1920w\" sizes=\"auto, (max-width: 411px) 100vw, 411px\" \/><\/a><\/figure><\/div>\n<div class=\"powerpress_player\" id=\"powerpress_player_5938\"><audio class=\"wp-audio-shortcode\" id=\"audio-6671-1\" preload=\"none\" style=\"width: 100%;\" controls=\"controls\"><source type=\"audio\/mpeg\" src=\"https:\/\/www.radiofiskars.fi\/wp-content\/uploads\/2022\/08\/Fiskars-Nathalie.mp3?_=1\" \/><a href=\"https:\/\/www.radiofiskars.fi\/wp-content\/uploads\/2022\/08\/Fiskars-Nathalie.mp3\">https:\/\/www.radiofiskars.fi\/wp-content\/uploads\/2022\/08\/Fiskars-Nathalie.mp3<\/a><\/audio><\/div><p class=\"powerpress_links powerpress_links_mp3\" style=\"margin-bottom: 1px !important;\">Podcast: <a href=\"https:\/\/www.radiofiskars.fi\/wp-content\/uploads\/2022\/08\/Fiskars-Nathalie.mp3\" class=\"powerpress_link_pinw\" target=\"_blank\" title=\"Play in new window\" onclick=\"return powerpress_pinw('https:\/\/www.radiofiskars.fi\/wordpress\/?powerpress_pinw=6671-podcast');\" rel=\"nofollow\">Play in new window<\/a><\/p><!--powerpress_player-->","protected":false},"excerpt":{"rendered":"<p>Radiofiskarsin syyskauden ensimm\u00e4isen\u00e4 vieraana on Fiskars-yhti\u00f6n toimitusjohtaja Nathalie Ahlstr\u00f6m. Fiskars Groupin kuulumisten lis\u00e4ksi puheenaiheena on tietenkin t\u00e4m\u00e4 kotoinen ruukki ja sen tulevaisuus. L\u00e4hialueen ruukeista moni on viime vuosina kasvattanut suosiotaan. Onko niist\u00e4 tullut haastajia Fiskarin yhteis\u00f6lle?Pitk\u00e4\u00e4n ollut kehitys palveluiden keskitt\u00e4misest\u00e4 keskuksiin n\u00e4kyy my\u00f6s t\u00e4\u00e4ll\u00e4. Voisiko kehityksen suuntaa muuttaa ja palvelujen karsimisen sijaan jo menetettyj\u00e4 palauttaa &hellip; <a href=\"https:\/\/www.radiofiskars.fi\/wordpress\/2022\/08\/vieraana-nathalie-ahlstrom\/\" class=\"more-link\">Jatka lukemista <span class=\"screen-reader-text\">Vieraana Nathalie Ahlstr\u00f6m<\/span> <span class=\"meta-nav\">&rarr;<\/span><\/a><\/p>\n","protected":false},"author":2,"featured_media":0,"comment_status":"closed","ping_status":"closed","sticky":false,"template":"","format":"standard","meta":{"footnotes":""},"categories":[5],"tags":[869],"class_list":["post-6671","post","type-post","status-publish","format-standard","hentry","category-haastattelut","tag-nathalie-ahlstrom"],"_links":{"self":[{"href":"https:\/\/www.radiofiskars.fi\/wordpress\/wp-json\/wp\/v2\/posts\/6671","targetHints":{"allow":["GET"]}}],"collection":[{"href":"https:\/\/www.radiofiskars.fi\/wordpress\/wp-json\/wp\/v2\/posts"}],"about":[{"href":"https:\/\/www.radiofiskars.fi\/wordpress\/wp-json\/wp\/v2\/types\/post"}],"author":[{"embeddable":true,"href":"https:\/\/www.radiofiskars.fi\/wordpress\/wp-json\/wp\/v2\/users\/2"}],"replies":[{"embeddable":true,"href":"https:\/\/www.radiofiskars.fi\/wordpress\/wp-json\/wp\/v2\/comments?post=6671"}],"version-history":[{"count":5,"href":"https:\/\/www.radiofiskars.fi\/wordpress\/wp-json\/wp\/v2\/posts\/6671\/revisions"}],"predecessor-version":[{"id":6676,"href":"https:\/\/www.radiofiskars.fi\/wordpress\/wp-json\/wp\/v2\/posts\/6671\/revisions\/6676"}],"wp:attachment":[{"href":"https:\/\/www.radiofiskars.fi\/wordpress\/wp-json\/wp\/v2\/media?parent=6671"}],"wp:term":[{"taxonomy":"category","embeddable":true,"href":"https:\/\/www.radiofiskars.fi\/wordpress\/wp-json\/wp\/v2\/categories?post=6671"},{"taxonomy":"post_tag","embeddable":true,"href":"https:\/\/www.radiofiskars.fi\/wordpress\/wp-json\/wp\/v2\/tags?post=6671"}],"curies":[{"name":"wp","href":"https:\/\/api.w.org\/{rel}","templated":true}]}}