{"id":6729,"date":"2022-11-15T09:14:19","date_gmt":"2022-11-15T07:14:19","guid":{"rendered":"https:\/\/www.radiofiskars.fi\/wordpress\/?p=6729"},"modified":"2025-01-07T15:08:48","modified_gmt":"2025-01-07T13:08:48","slug":"esikoisteoksia-petra-vallila-ja-pauli-hautala","status":"publish","type":"post","link":"https:\/\/www.radiofiskars.fi\/wordpress\/2022\/11\/esikoisteoksia-petra-vallila-ja-pauli-hautala\/","title":{"rendered":"Esikoisteoksia: Petra Vallila ja Pauli Hautala"},"content":{"rendered":"\n<div class=\"wp-block-image\"><figure class=\"aligncenter size-full\"><a href=\"https:\/\/www.radiofiskars.fi\/wp-content\/uploads\/2022\/10\/PetraPauli.jpg\"><img loading=\"lazy\" decoding=\"async\" width=\"389\" height=\"550\" src=\"https:\/\/www.radiofiskars.fi\/wp-content\/uploads\/2022\/10\/PetraPauli.jpg\" alt=\"\" class=\"wp-image-6717\" srcset=\"https:\/\/www.radiofiskars.fi\/wp-content\/uploads\/2022\/10\/PetraPauli.jpg 389w, https:\/\/www.radiofiskars.fi\/wp-content\/uploads\/2022\/10\/PetraPauli-212x300.jpg 212w\" sizes=\"auto, (max-width: 389px) 100vw, 389px\" \/><\/a><figcaption>Petra Vallila ja Pauli Hautala. Kuva J. K. Ihalainen<\/figcaption><\/figure><\/div>\n\n\n\n<p><em>Poesian<\/em>&nbsp;t\u00e4m\u00e4n vuoden esikoiskirjailijat&nbsp;<strong>Petra Vallilla<\/strong>&nbsp;ja&nbsp;<strong>Pauli Hautala<\/strong>&nbsp;kertovat runokirjojensa taustoista ja siit\u00e4, milt\u00e4 teosten ilmestyminen on tuntunut. Haastattelussa pohditaan my\u00f6s n\u00e4kyyk\u00f6 ammatillinen tausta runojen kirjoittamisessa, yhdistyv\u00e4tk\u00f6 runous ja p\u00e4iv\u00e4ty\u00f6 kielellisesti.&nbsp;Pauli Hautalan&nbsp;<em>Katseen maanosat<\/em>&nbsp;kyseenalaistaa, onko v\u00e4ist\u00e4m\u00e4t\u00f6nt\u00e4 tuntea avuttomuutta informaatiotulvan edess\u00e4.&nbsp;Petra Vallila teoksessaan&nbsp;<em>Ehk\u00e4<\/em>&nbsp;puolestaan peilaa kielt\u00e4 ja merkityst\u00e4 yritysviestinn\u00e4n \u2013 ja kielen kautta.&nbsp;<\/p>\n\n\n\n<p>Haastattelija Virpi Vairinen.<\/p>\n\n\n\n<p>Petra Vallila: Ehk\u00e4, Poesia, 2022<\/p>\n\n\n\n<p>Pauli Hautala: Katseen maanosat, Poesia, 2022<\/p>\n\n\n\n<p>Ohjelmataltiointi Turun Kirjamessuilta 2.10.2022<\/p>\n<div class=\"powerpress_player\" id=\"powerpress_player_123\"><audio class=\"wp-audio-shortcode\" id=\"audio-6729-1\" preload=\"none\" style=\"width: 100%;\" controls=\"controls\"><source type=\"audio\/mpeg\" src=\"https:\/\/www.radiofiskars.fi\/wp-content\/uploads\/2022\/10\/PetraJaPauli.mp3?_=1\" \/><a href=\"https:\/\/www.radiofiskars.fi\/wp-content\/uploads\/2022\/10\/PetraJaPauli.mp3\">https:\/\/www.radiofiskars.fi\/wp-content\/uploads\/2022\/10\/PetraJaPauli.mp3<\/a><\/audio><\/div><p class=\"powerpress_links powerpress_links_mp3\" style=\"margin-bottom: 1px !important;\">Podcast: <a href=\"https:\/\/www.radiofiskars.fi\/wp-content\/uploads\/2022\/10\/PetraJaPauli.mp3\" class=\"powerpress_link_pinw\" target=\"_blank\" title=\"Play in new window\" onclick=\"return powerpress_pinw('https:\/\/www.radiofiskars.fi\/wordpress\/?powerpress_pinw=6729-podcast');\" rel=\"nofollow\">Play in new window<\/a><\/p><!--powerpress_player-->","protected":false},"excerpt":{"rendered":"<p>Poesian&nbsp;t\u00e4m\u00e4n vuoden esikoiskirjailijat&nbsp;Petra Vallilla&nbsp;ja&nbsp;Pauli Hautala&nbsp;kertovat runokirjojensa taustoista ja siit\u00e4, milt\u00e4 teosten ilmestyminen on tuntunut. Haastattelussa pohditaan my\u00f6s n\u00e4kyyk\u00f6 ammatillinen tausta runojen kirjoittamisessa, yhdistyv\u00e4tk\u00f6 runous ja p\u00e4iv\u00e4ty\u00f6 kielellisesti.&nbsp;Pauli Hautalan&nbsp;Katseen maanosat&nbsp;kyseenalaistaa, onko v\u00e4ist\u00e4m\u00e4t\u00f6nt\u00e4 tuntea avuttomuutta informaatiotulvan edess\u00e4.&nbsp;Petra Vallila teoksessaan&nbsp;Ehk\u00e4&nbsp;puolestaan peilaa kielt\u00e4 ja merkityst\u00e4 yritysviestinn\u00e4n \u2013 ja kielen kautta.&nbsp; Haastattelija Virpi Vairinen. Petra Vallila: Ehk\u00e4, Poesia, 2022 Pauli &hellip; <a href=\"https:\/\/www.radiofiskars.fi\/wordpress\/2022\/11\/esikoisteoksia-petra-vallila-ja-pauli-hautala\/\" class=\"more-link\">Jatka lukemista <span class=\"screen-reader-text\">Esikoisteoksia: Petra Vallila ja Pauli Hautala<\/span> <span class=\"meta-nav\">&rarr;<\/span><\/a><\/p>\n","protected":false},"author":2,"featured_media":0,"comment_status":"closed","ping_status":"closed","sticky":false,"template":"","format":"standard","meta":{"footnotes":""},"categories":[476],"tags":[892,891,893,59],"class_list":["post-6729","post","type-post","status-publish","format-standard","hentry","category-kirjallisuus","tag-pauli-hautala","tag-petra-vallila","tag-poesia","tag-turun-kirjamessut"],"_links":{"self":[{"href":"https:\/\/www.radiofiskars.fi\/wordpress\/wp-json\/wp\/v2\/posts\/6729","targetHints":{"allow":["GET"]}}],"collection":[{"href":"https:\/\/www.radiofiskars.fi\/wordpress\/wp-json\/wp\/v2\/posts"}],"about":[{"href":"https:\/\/www.radiofiskars.fi\/wordpress\/wp-json\/wp\/v2\/types\/post"}],"author":[{"embeddable":true,"href":"https:\/\/www.radiofiskars.fi\/wordpress\/wp-json\/wp\/v2\/users\/2"}],"replies":[{"embeddable":true,"href":"https:\/\/www.radiofiskars.fi\/wordpress\/wp-json\/wp\/v2\/comments?post=6729"}],"version-history":[{"count":3,"href":"https:\/\/www.radiofiskars.fi\/wordpress\/wp-json\/wp\/v2\/posts\/6729\/revisions"}],"predecessor-version":[{"id":6833,"href":"https:\/\/www.radiofiskars.fi\/wordpress\/wp-json\/wp\/v2\/posts\/6729\/revisions\/6833"}],"wp:attachment":[{"href":"https:\/\/www.radiofiskars.fi\/wordpress\/wp-json\/wp\/v2\/media?parent=6729"}],"wp:term":[{"taxonomy":"category","embeddable":true,"href":"https:\/\/www.radiofiskars.fi\/wordpress\/wp-json\/wp\/v2\/categories?post=6729"},{"taxonomy":"post_tag","embeddable":true,"href":"https:\/\/www.radiofiskars.fi\/wordpress\/wp-json\/wp\/v2\/tags?post=6729"}],"curies":[{"name":"wp","href":"https:\/\/api.w.org\/{rel}","templated":true}]}}