{"id":6739,"date":"2022-11-23T13:53:57","date_gmt":"2022-11-23T11:53:57","guid":{"rendered":"https:\/\/www.radiofiskars.fi\/wordpress\/?p=6739"},"modified":"2025-01-07T15:08:44","modified_gmt":"2025-01-07T13:08:44","slug":"inkerikkojen-historiaa","status":"publish","type":"post","link":"https:\/\/www.radiofiskars.fi\/wordpress\/2022\/11\/inkerikkojen-historiaa\/","title":{"rendered":"Inkerikkojen historiaa"},"content":{"rendered":"\n<div class=\"wp-block-image\"><figure class=\"aligncenter size-full\"><a href=\"https:\/\/www.radiofiskars.fi\/wp-content\/uploads\/2022\/10\/Inkeri.jpg\"><img loading=\"lazy\" decoding=\"async\" width=\"763\" height=\"394\" src=\"https:\/\/www.radiofiskars.fi\/wp-content\/uploads\/2022\/10\/Inkeri.jpg\" alt=\"\" class=\"wp-image-6716\" srcset=\"https:\/\/www.radiofiskars.fi\/wp-content\/uploads\/2022\/10\/Inkeri.jpg 763w, https:\/\/www.radiofiskars.fi\/wp-content\/uploads\/2022\/10\/Inkeri-300x155.jpg 300w\" sizes=\"auto, (max-width: 763px) 100vw, 763px\" \/><\/a><figcaption>Taisto Raudalainen (vas.), Lea Pakkanen ja Minna-Kerttu Kekki. Kuva J. K. Ihalainen<\/figcaption><\/figure><\/div>\n\n\n\n<p><\/p>\n\n\n\n<p>Inkerikkojen historiaa ja inkeril\u00e4isten kokemuksia luotaavassa keskustelussa kuullaan vironinkeril\u00e4st\u00e4 perspektiivi\u00e4 aiheeseen. Haastateltavina ovat kirjailijat\u00a0<strong>Taisto Raudalainen<\/strong>\u00a0ja\u00a0<strong>Minna-Kerttu Kekki<\/strong>\u00a0toivat, haastattelijana inkerinsuomalainen toimittaja ja kirjailija\u00a0<strong>Lea Pakkanen.<\/strong><\/p>\n\n\n\n<p>Taisto Raudalainen:&nbsp;<em>Inkerikot, setot ja vatjalaiset<\/em>, SKS, 2022<\/p>\n\n\n\n<p>Minna-Kerttu Kekki ja Lembi Laur:\u00a0<em>Lempi Lempisen matka Suomenlahden ymp\u00e4ri<\/em>, Vastapaino, 2022<\/p>\n\n\n\n<p>Ohjelmataltiointi Turun Kirjamessuilta 2.10.2022<\/p>\n<div class=\"powerpress_player\" id=\"powerpress_player_8598\"><audio class=\"wp-audio-shortcode\" id=\"audio-6739-1\" preload=\"none\" style=\"width: 100%;\" controls=\"controls\"><source type=\"audio\/mpeg\" src=\"https:\/\/www.radiofiskars.fi\/wp-content\/uploads\/2022\/10\/InkeriKot.mp3?_=1\" \/><a href=\"https:\/\/www.radiofiskars.fi\/wp-content\/uploads\/2022\/10\/InkeriKot.mp3\">https:\/\/www.radiofiskars.fi\/wp-content\/uploads\/2022\/10\/InkeriKot.mp3<\/a><\/audio><\/div><p class=\"powerpress_links powerpress_links_mp3\" style=\"margin-bottom: 1px !important;\">Podcast: <a href=\"https:\/\/www.radiofiskars.fi\/wp-content\/uploads\/2022\/10\/InkeriKot.mp3\" class=\"powerpress_link_pinw\" target=\"_blank\" title=\"Play in new window\" onclick=\"return powerpress_pinw('https:\/\/www.radiofiskars.fi\/wordpress\/?powerpress_pinw=6739-podcast');\" rel=\"nofollow\">Play in new window<\/a><\/p><!--powerpress_player-->","protected":false},"excerpt":{"rendered":"<p>Inkerikkojen historiaa ja inkeril\u00e4isten kokemuksia luotaavassa keskustelussa kuullaan vironinkeril\u00e4st\u00e4 perspektiivi\u00e4 aiheeseen. Haastateltavina ovat kirjailijat\u00a0Taisto Raudalainen\u00a0ja\u00a0Minna-Kerttu Kekki\u00a0toivat, haastattelijana inkerinsuomalainen toimittaja ja kirjailija\u00a0Lea Pakkanen. Taisto Raudalainen:&nbsp;Inkerikot, setot ja vatjalaiset, SKS, 2022 Minna-Kerttu Kekki ja Lembi Laur:\u00a0Lempi Lempisen matka Suomenlahden ymp\u00e4ri, Vastapaino, 2022 Ohjelmataltiointi Turun Kirjamessuilta 2.10.2022 https:\/\/www.radiofiskars.fi\/wp-content\/uploads\/2022\/10\/InkeriKot.mp3 Podcast: Play in new window<\/p>\n","protected":false},"author":2,"featured_media":0,"comment_status":"closed","ping_status":"closed","sticky":false,"template":"","format":"standard","meta":{"footnotes":""},"categories":[476],"tags":[907,905,908,904,909],"class_list":["post-6739","post","type-post","status-publish","format-standard","hentry","category-kirjallisuus","tag-lea-pakkanen","tag-minna-kerttu-kekki","tag-sks","tag-taisto-raudalainen","tag-vastapaino"],"_links":{"self":[{"href":"https:\/\/www.radiofiskars.fi\/wordpress\/wp-json\/wp\/v2\/posts\/6739","targetHints":{"allow":["GET"]}}],"collection":[{"href":"https:\/\/www.radiofiskars.fi\/wordpress\/wp-json\/wp\/v2\/posts"}],"about":[{"href":"https:\/\/www.radiofiskars.fi\/wordpress\/wp-json\/wp\/v2\/types\/post"}],"author":[{"embeddable":true,"href":"https:\/\/www.radiofiskars.fi\/wordpress\/wp-json\/wp\/v2\/users\/2"}],"replies":[{"embeddable":true,"href":"https:\/\/www.radiofiskars.fi\/wordpress\/wp-json\/wp\/v2\/comments?post=6739"}],"version-history":[{"count":3,"href":"https:\/\/www.radiofiskars.fi\/wordpress\/wp-json\/wp\/v2\/posts\/6739\/revisions"}],"predecessor-version":[{"id":6846,"href":"https:\/\/www.radiofiskars.fi\/wordpress\/wp-json\/wp\/v2\/posts\/6739\/revisions\/6846"}],"wp:attachment":[{"href":"https:\/\/www.radiofiskars.fi\/wordpress\/wp-json\/wp\/v2\/media?parent=6739"}],"wp:term":[{"taxonomy":"category","embeddable":true,"href":"https:\/\/www.radiofiskars.fi\/wordpress\/wp-json\/wp\/v2\/categories?post=6739"},{"taxonomy":"post_tag","embeddable":true,"href":"https:\/\/www.radiofiskars.fi\/wordpress\/wp-json\/wp\/v2\/tags?post=6739"}],"curies":[{"name":"wp","href":"https:\/\/api.w.org\/{rel}","templated":true}]}}