{"id":6756,"date":"2022-11-05T12:55:20","date_gmt":"2022-11-05T10:55:20","guid":{"rendered":"https:\/\/www.radiofiskars.fi\/wordpress\/?p=6756"},"modified":"2025-01-07T15:08:56","modified_gmt":"2025-01-07T13:08:56","slug":"kirjaesittely-fiskars-on-aina-fiskars","status":"publish","type":"post","link":"https:\/\/www.radiofiskars.fi\/wordpress\/2022\/11\/kirjaesittely-fiskars-on-aina-fiskars\/","title":{"rendered":"Kirjaesittely: Fiskars on aina Fiskars"},"content":{"rendered":"\n<p><em>Fiskars on aina Fiskars \u2013 ty\u00f6l\u00e4isel\u00e4m\u00e4\u00e4 ruukkiyhteis\u00f6ss\u00e4<\/em>&nbsp;on kattava kuvaus Fiskarsin&nbsp;ruukista ja sen ty\u00f6v\u00e4en el\u00e4m\u00e4st\u00e4, ty\u00f6st\u00e4, asumisesta, arjesta ja juhlasta. Runsaasti kuvitetun teoksen ajanjakso ylettyy 1850-luvulta aina 1950-luvulle. \u00c4\u00e4ness\u00e4 ovat ruukin ty\u00f6l\u00e4iset, joiden muistelukset avaavat ruukin el\u00e4m\u00e4n todellisuutta eri vuosikymmenin\u00e4. Teoksessaan kirjailija, ymp\u00e4rist\u00f6politiikan professori <strong>Rauno Sairinen<\/strong> k\u00e4sittelee my\u00f6s ruukin el\u00e4m\u00e4n vaiheita, joista aiemmin on p\u00e4\u00e4osin vaiettu. <\/p>\n\n\n\n<p>Taltiointi&nbsp;<em>Karjaan Antikvariaatissa<\/em>&nbsp;27.9.2022 j\u00e4rjestetyst\u00e4 tilaisuudessa, jossa Sairinen&nbsp;kertoo kirjansa kirjoittamisen vaiheista ja sen sis\u00e4ll\u00f6st\u00e4.<\/p>\n\n\n\n<figure class=\"wp-block-image size-full is-resized\"><a href=\"https:\/\/www.radiofiskars.fi\/wp-content\/uploads\/2022\/10\/IMG_2947-rotated.jpg\"><img loading=\"lazy\" decoding=\"async\" src=\"https:\/\/www.radiofiskars.fi\/wp-content\/uploads\/2022\/10\/IMG_2947-rotated.jpg\" alt=\"\" class=\"wp-image-6715\" width=\"360\" height=\"480\" srcset=\"https:\/\/www.radiofiskars.fi\/wp-content\/uploads\/2022\/10\/IMG_2947-rotated.jpg 480w, https:\/\/www.radiofiskars.fi\/wp-content\/uploads\/2022\/10\/IMG_2947-225x300.jpg 225w\" sizes=\"auto, (max-width: 360px) 100vw, 360px\" \/><\/a><\/figure>\n\n\n\n<p>Rauno Sairinen: <em> <em>Fiskars on aina Fiskars \u2013 ty\u00f6l\u00e4isel\u00e4m\u00e4\u00e4 ruukkiyhteis\u00f6ss\u00e4<\/em><\/em>, 254 s. Omakustanne, 2022.<\/p>\n\n\n\n<p> Kirjaa saa ostaa n\u00e4ist\u00e4 paikoista hintaan 35 e\/kpl.<br>&#8211; Postitse Raunon nettisivulta:&nbsp;<a rel=\"noreferrer noopener\" href=\"https:\/\/www.rsairinen.com\/\" target=\"_blank\">https:\/\/www.rsairinen.com<\/a><br>&#8211; Fiskarsin museo, Peltorivi 13.<br>&#8211; Cafe Antique, Fiskarsintie 352 C.<br>&#8211; Deka Studio, Fiskarsintie 360, Kasarmi 1852.<br>&#8211; Toppen Bokhandel, Kungsgatan 9, Eken\u00e4s<br>&#8211; Karis Bok &amp; Papper, Kauppiaankatu 24, Karjaa<\/p>\n\n\n\n<p><\/p>\n<div class=\"powerpress_player\" id=\"powerpress_player_9549\"><audio class=\"wp-audio-shortcode\" id=\"audio-6756-1\" preload=\"none\" style=\"width: 100%;\" controls=\"controls\"><source type=\"audio\/mpeg\" src=\"https:\/\/www.radiofiskars.fi\/wp-content\/uploads\/2022\/11\/Rauno-SAIRINEN-FoaF_01.mp3?_=1\" \/><a href=\"https:\/\/www.radiofiskars.fi\/wp-content\/uploads\/2022\/11\/Rauno-SAIRINEN-FoaF_01.mp3\">https:\/\/www.radiofiskars.fi\/wp-content\/uploads\/2022\/11\/Rauno-SAIRINEN-FoaF_01.mp3<\/a><\/audio><\/div><p class=\"powerpress_links powerpress_links_mp3\" style=\"margin-bottom: 1px !important;\">Podcast: <a href=\"https:\/\/www.radiofiskars.fi\/wp-content\/uploads\/2022\/11\/Rauno-SAIRINEN-FoaF_01.mp3\" class=\"powerpress_link_pinw\" target=\"_blank\" title=\"Play in new window\" onclick=\"return powerpress_pinw('https:\/\/www.radiofiskars.fi\/wordpress\/?powerpress_pinw=6756-podcast');\" rel=\"nofollow\">Play in new window<\/a><\/p><!--powerpress_player-->","protected":false},"excerpt":{"rendered":"<p>Fiskars on aina Fiskars \u2013 ty\u00f6l\u00e4isel\u00e4m\u00e4\u00e4 ruukkiyhteis\u00f6ss\u00e4&nbsp;on kattava kuvaus Fiskarsin&nbsp;ruukista ja sen ty\u00f6v\u00e4en el\u00e4m\u00e4st\u00e4, ty\u00f6st\u00e4, asumisesta, arjesta ja juhlasta. Runsaasti kuvitetun teoksen ajanjakso ylettyy 1850-luvulta aina 1950-luvulle. \u00c4\u00e4ness\u00e4 ovat ruukin ty\u00f6l\u00e4iset, joiden muistelukset avaavat ruukin el\u00e4m\u00e4n todellisuutta eri vuosikymmenin\u00e4. Teoksessaan kirjailija, ymp\u00e4rist\u00f6politiikan professori Rauno Sairinen k\u00e4sittelee my\u00f6s ruukin el\u00e4m\u00e4n vaiheita, joista aiemmin on p\u00e4\u00e4osin vaiettu. &hellip; <a href=\"https:\/\/www.radiofiskars.fi\/wordpress\/2022\/11\/kirjaesittely-fiskars-on-aina-fiskars\/\" class=\"more-link\">Jatka lukemista <span class=\"screen-reader-text\">Kirjaesittely: Fiskars on aina Fiskars<\/span> <span class=\"meta-nav\">&rarr;<\/span><\/a><\/p>\n","protected":false},"author":2,"featured_media":0,"comment_status":"closed","ping_status":"closed","sticky":false,"template":"","format":"standard","meta":{"footnotes":""},"categories":[5],"tags":[873,872],"class_list":["post-6756","post","type-post","status-publish","format-standard","hentry","category-haastattelut","tag-fiskars-on-aina-fiskars","tag-rauno-sairinen"],"_links":{"self":[{"href":"https:\/\/www.radiofiskars.fi\/wordpress\/wp-json\/wp\/v2\/posts\/6756","targetHints":{"allow":["GET"]}}],"collection":[{"href":"https:\/\/www.radiofiskars.fi\/wordpress\/wp-json\/wp\/v2\/posts"}],"about":[{"href":"https:\/\/www.radiofiskars.fi\/wordpress\/wp-json\/wp\/v2\/types\/post"}],"author":[{"embeddable":true,"href":"https:\/\/www.radiofiskars.fi\/wordpress\/wp-json\/wp\/v2\/users\/2"}],"replies":[{"embeddable":true,"href":"https:\/\/www.radiofiskars.fi\/wordpress\/wp-json\/wp\/v2\/comments?post=6756"}],"version-history":[{"count":8,"href":"https:\/\/www.radiofiskars.fi\/wordpress\/wp-json\/wp\/v2\/posts\/6756\/revisions"}],"predecessor-version":[{"id":6783,"href":"https:\/\/www.radiofiskars.fi\/wordpress\/wp-json\/wp\/v2\/posts\/6756\/revisions\/6783"}],"wp:attachment":[{"href":"https:\/\/www.radiofiskars.fi\/wordpress\/wp-json\/wp\/v2\/media?parent=6756"}],"wp:term":[{"taxonomy":"category","embeddable":true,"href":"https:\/\/www.radiofiskars.fi\/wordpress\/wp-json\/wp\/v2\/categories?post=6756"},{"taxonomy":"post_tag","embeddable":true,"href":"https:\/\/www.radiofiskars.fi\/wordpress\/wp-json\/wp\/v2\/tags?post=6756"}],"curies":[{"name":"wp","href":"https:\/\/api.w.org\/{rel}","templated":true}]}}