{"id":6772,"date":"2022-11-05T20:15:28","date_gmt":"2022-11-05T18:15:28","guid":{"rendered":"https:\/\/www.radiofiskars.fi\/wordpress\/?p=6772"},"modified":"2025-01-07T15:08:55","modified_gmt":"2025-01-07T13:08:55","slug":"valdur-mikita-lingvistinen-metsa","status":"publish","type":"post","link":"https:\/\/www.radiofiskars.fi\/wordpress\/2022\/11\/valdur-mikita-lingvistinen-metsa\/","title":{"rendered":"Valdur Mikita: Lingvistinen mets\u00e4"},"content":{"rendered":"\n<p>Helsingin Kirjamessuilla 28.10.2022 etel\u00e4virolainen semiootikko ja biologi&nbsp;<strong>Valdur Mikita<\/strong>&nbsp;esitteli virolaisen ja it\u00e4merensuomalaisen kulttuurin historiaan pureutuvaa kirjaansa&nbsp;<em>Lingvistinen mets\u00e4 (Sammakko, 2021)<\/em>. Se on Mikitan toinen suomennettu teos, ensimm\u00e4inen on&nbsp;<em>Kantarellin kuuntelun taito (Sammakko, 2018)<\/em>.&nbsp;Haastattelijana ja tulkkaajana toimi&nbsp;<strong>Jenni Kallionsivu<\/strong>.<br><br>Virossa&nbsp;<em>Lingvistinen mets\u00e4<\/em>&nbsp;sai ilmestyess\u00e4\u00e4n yksimielisen mutta moni\u00e4\u00e4nisen vastaanoton, ja se puhutteli laajalti virolaisia. Haastattelussa keskustellaan myyteist\u00e4 ja siit\u00e4, miten virolaiset ovat el\u00e4neet esihistoriallisella ajalla. Mink\u00e4lainen on it\u00e4merensuomalaisten yhteinen menneisyys; asumisen ja olemisen paikat ja niiden erot? Mik\u00e4 tekee virolaisista virolaisia?&nbsp;Virolaisia on pidetty mets\u00e4kansana, onko suhde mets\u00e4\u00e4n muuttunut? Puhutaan my\u00f6s nuorista ja el\u00e4m\u00e4n tarkoituksen etsimisest\u00e4. Ent\u00e4 jos tarkoitusta ei tied\u00e4?<\/p>\n\n\n\n<p>Valdur Mikita: Lingvistinen mets\u00e4, suomentaja Anniina Ljokkoi, 334 s. Sammakko, 2021.<\/p>\n\n\n\n<figure class=\"wp-block-image size-full\"><a href=\"https:\/\/www.radiofiskars.fi\/wp-content\/uploads\/2022\/11\/Mikita1.jpg\"><img loading=\"lazy\" decoding=\"async\" width=\"939\" height=\"695\" src=\"https:\/\/www.radiofiskars.fi\/wp-content\/uploads\/2022\/11\/Mikita1.jpg\" alt=\"\" class=\"wp-image-6847\" srcset=\"https:\/\/www.radiofiskars.fi\/wp-content\/uploads\/2022\/11\/Mikita1.jpg 939w, https:\/\/www.radiofiskars.fi\/wp-content\/uploads\/2022\/11\/Mikita1-300x222.jpg 300w, https:\/\/www.radiofiskars.fi\/wp-content\/uploads\/2022\/11\/Mikita1-768x568.jpg 768w\" sizes=\"auto, (max-width: 939px) 100vw, 939px\" \/><\/a><\/figure>\n\n\n\n<p>&#8221;<em>Lingvistinen mets\u00e4<\/em>&nbsp;on omalaatuinen ja yll\u00e4tt\u00e4v\u00e4 luonnon ja pienten kansojen puolustuspuhe. Anniina Ljokkoin k\u00e4\u00e4nt\u00e4m\u00e4n teoksen alussa on Mikitan tervehdys suomalaisille lukijoille. It\u00e4merensuomalaisilla on edellytykset selviyty\u00e4 ekokatastrofista, koska meill\u00e4 on j\u00e4ljell\u00e4 kivikautisen ker\u00e4ilij\u00e4n el\u00e4m\u00e4ntavan piirteit\u00e4 metsiss\u00e4 kulkiessamme, kiitos synestesian, saunan ja sienikorin.&#8221;<\/p>\n<div class=\"powerpress_player\" id=\"powerpress_player_9410\"><audio class=\"wp-audio-shortcode\" id=\"audio-6772-1\" preload=\"none\" style=\"width: 100%;\" controls=\"controls\"><source type=\"audio\/mpeg\" src=\"https:\/\/www.radiofiskars.fi\/wp-content\/uploads\/2022\/11\/Lingvistinen-metsa.mp3?_=1\" \/><a href=\"https:\/\/www.radiofiskars.fi\/wp-content\/uploads\/2022\/11\/Lingvistinen-metsa.mp3\">https:\/\/www.radiofiskars.fi\/wp-content\/uploads\/2022\/11\/Lingvistinen-metsa.mp3<\/a><\/audio><\/div><p class=\"powerpress_links powerpress_links_mp3\" style=\"margin-bottom: 1px !important;\">Podcast: <a href=\"https:\/\/www.radiofiskars.fi\/wp-content\/uploads\/2022\/11\/Lingvistinen-metsa.mp3\" class=\"powerpress_link_pinw\" target=\"_blank\" title=\"Play in new window\" onclick=\"return powerpress_pinw('https:\/\/www.radiofiskars.fi\/wordpress\/?powerpress_pinw=6772-podcast');\" rel=\"nofollow\">Play in new window<\/a><\/p><!--powerpress_player-->","protected":false},"excerpt":{"rendered":"<p>Helsingin Kirjamessuilla 28.10.2022 etel\u00e4virolainen semiootikko ja biologi&nbsp;Valdur Mikita&nbsp;esitteli virolaisen ja it\u00e4merensuomalaisen kulttuurin historiaan pureutuvaa kirjaansa&nbsp;Lingvistinen mets\u00e4 (Sammakko, 2021). Se on Mikitan toinen suomennettu teos, ensimm\u00e4inen on&nbsp;Kantarellin kuuntelun taito (Sammakko, 2018).&nbsp;Haastattelijana ja tulkkaajana toimi&nbsp;Jenni Kallionsivu. Virossa&nbsp;Lingvistinen mets\u00e4&nbsp;sai ilmestyess\u00e4\u00e4n yksimielisen mutta moni\u00e4\u00e4nisen vastaanoton, ja se puhutteli laajalti virolaisia. Haastattelussa keskustellaan myyteist\u00e4 ja siit\u00e4, miten virolaiset ovat el\u00e4neet &hellip; <a href=\"https:\/\/www.radiofiskars.fi\/wordpress\/2022\/11\/valdur-mikita-lingvistinen-metsa\/\" class=\"more-link\">Jatka lukemista <span class=\"screen-reader-text\">Valdur Mikita: Lingvistinen mets\u00e4<\/span> <span class=\"meta-nav\">&rarr;<\/span><\/a><\/p>\n","protected":false},"author":2,"featured_media":0,"comment_status":"closed","ping_status":"closed","sticky":false,"template":"","format":"standard","meta":{"footnotes":""},"categories":[5,476],"tags":[875,876,874],"class_list":["post-6772","post","type-post","status-publish","format-standard","hentry","category-haastattelut","category-kirjallisuus","tag-lingvistinen-metsa","tag-sammakko","tag-valdur-mikita"],"_links":{"self":[{"href":"https:\/\/www.radiofiskars.fi\/wordpress\/wp-json\/wp\/v2\/posts\/6772","targetHints":{"allow":["GET"]}}],"collection":[{"href":"https:\/\/www.radiofiskars.fi\/wordpress\/wp-json\/wp\/v2\/posts"}],"about":[{"href":"https:\/\/www.radiofiskars.fi\/wordpress\/wp-json\/wp\/v2\/types\/post"}],"author":[{"embeddable":true,"href":"https:\/\/www.radiofiskars.fi\/wordpress\/wp-json\/wp\/v2\/users\/2"}],"replies":[{"embeddable":true,"href":"https:\/\/www.radiofiskars.fi\/wordpress\/wp-json\/wp\/v2\/comments?post=6772"}],"version-history":[{"count":8,"href":"https:\/\/www.radiofiskars.fi\/wordpress\/wp-json\/wp\/v2\/posts\/6772\/revisions"}],"predecessor-version":[{"id":6848,"href":"https:\/\/www.radiofiskars.fi\/wordpress\/wp-json\/wp\/v2\/posts\/6772\/revisions\/6848"}],"wp:attachment":[{"href":"https:\/\/www.radiofiskars.fi\/wordpress\/wp-json\/wp\/v2\/media?parent=6772"}],"wp:term":[{"taxonomy":"category","embeddable":true,"href":"https:\/\/www.radiofiskars.fi\/wordpress\/wp-json\/wp\/v2\/categories?post=6772"},{"taxonomy":"post_tag","embeddable":true,"href":"https:\/\/www.radiofiskars.fi\/wordpress\/wp-json\/wp\/v2\/tags?post=6772"}],"curies":[{"name":"wp","href":"https:\/\/api.w.org\/{rel}","templated":true}]}}