{"id":7174,"date":"2023-02-28T10:32:20","date_gmt":"2023-02-28T08:32:20","guid":{"rendered":"https:\/\/www.radiofiskars.fi\/wordpress\/?p=7174"},"modified":"2025-01-07T15:07:15","modified_gmt":"2025-01-07T13:07:15","slug":"paneelikeskustelut-matkasta-ja-matkustamisesta-osa-1-4","status":"publish","type":"post","link":"https:\/\/www.radiofiskars.fi\/wordpress\/2023\/02\/paneelikeskustelut-matkasta-ja-matkustamisesta-osa-1-4\/","title":{"rendered":"Paneelikeskustelut matkasta ja matkustamisesta, osa 1\/4"},"content":{"rendered":"\n<p>Tampereella helmikuussa j\u00e4rjestetyn <strong>El\u00e4v\u00e4n Kirjallisuuden Festivaalin<\/strong> aiheena oli <strong>Matka<\/strong>.&nbsp;Radiofiskars julkaisee nelj\u00e4 t\u00e4t\u00e4 teemaa eri suunnilta l\u00e4hestyv\u00e4\u00e4 paneelikeskustelua.<\/p>\n\n\n\n<p><strong>El\u00e4m\u00e4 on matka<\/strong><\/p>\n\n\n\n<p>Miksi metaforat auttavat meit\u00e4 ymm\u00e4rt\u00e4m\u00e4\u00e4n abstrakteja ilmi\u00f6it\u00e4? Miksi juuri tietyt metaforat ovat vakiintuneet? Mit\u00e4 k\u00e4ytt\u00e4m\u00e4mme metaforat kertovat yhteiskunnasta ja ihmisen\u00e4 olemisesta? Millaisia ovat tulevaisuuden metaforat? El\u00e4m\u00e4n ja maailman metaforista&nbsp;keskustelemassa vapaa kirjoittaja&nbsp;<strong>Saara Mets\u00e4ranta<\/strong>, kirjallisuudentutkija, runoilija ja esseisti&nbsp;<strong>Tero T\u00e4htinen<\/strong>&nbsp;sek\u00e4 mm. spekulatiiviseen nuortenkirjallisuuteen perehtynyt kirjallisuuden tohtoriopiskelija&nbsp;<strong>Sonja Mikkonen<\/strong>. Haastattelijana&nbsp;<strong>Sofia Blomberg<\/strong>. (Keskustelun alussa kuuluva napsutus poistuu muutamassa minuutissa.)<\/p>\n\n\n\n<p>Sarjan seuraavan osan aiheena on matkakirjallisuus ilmastokriisin aikana. Kirjallisten aikamatkojen j\u00e4lkeen mietit\u00e4\u00e4n, millainen on matka kirjailijuuteen. <\/p>\n\n\n\n<p>Tampereella 4.2.2023 j\u00e4rjestetyn ohjelmien taltioinnista vastaa <strong>Tredu<\/strong>.<\/p>\n<div class=\"powerpress_player\" id=\"powerpress_player_3657\"><audio class=\"wp-audio-shortcode\" id=\"audio-7174-1\" preload=\"none\" style=\"width: 100%;\" controls=\"controls\"><source type=\"audio\/mpeg\" src=\"https:\/\/www.radiofiskars.fi\/wp-content\/uploads\/2023\/02\/EKF_Paneeli1_Audio_01.mp3?_=1\" \/><a href=\"https:\/\/www.radiofiskars.fi\/wp-content\/uploads\/2023\/02\/EKF_Paneeli1_Audio_01.mp3\">https:\/\/www.radiofiskars.fi\/wp-content\/uploads\/2023\/02\/EKF_Paneeli1_Audio_01.mp3<\/a><\/audio><\/div><p class=\"powerpress_links powerpress_links_mp3\" style=\"margin-bottom: 1px !important;\">Podcast: <a href=\"https:\/\/www.radiofiskars.fi\/wp-content\/uploads\/2023\/02\/EKF_Paneeli1_Audio_01.mp3\" class=\"powerpress_link_pinw\" target=\"_blank\" title=\"Play in new window\" onclick=\"return powerpress_pinw('https:\/\/www.radiofiskars.fi\/wordpress\/?powerpress_pinw=7174-podcast');\" rel=\"nofollow\">Play in new window<\/a><\/p><!--powerpress_player-->","protected":false},"excerpt":{"rendered":"<p>Tampereella helmikuussa j\u00e4rjestetyn El\u00e4v\u00e4n Kirjallisuuden Festivaalin aiheena oli Matka.&nbsp;Radiofiskars julkaisee nelj\u00e4 t\u00e4t\u00e4 teemaa eri suunnilta l\u00e4hestyv\u00e4\u00e4 paneelikeskustelua. El\u00e4m\u00e4 on matka Miksi metaforat auttavat meit\u00e4 ymm\u00e4rt\u00e4m\u00e4\u00e4n abstrakteja ilmi\u00f6it\u00e4? Miksi juuri tietyt metaforat ovat vakiintuneet? Mit\u00e4 k\u00e4ytt\u00e4m\u00e4mme metaforat kertovat yhteiskunnasta ja ihmisen\u00e4 olemisesta? Millaisia ovat tulevaisuuden metaforat? El\u00e4m\u00e4n ja maailman metaforista&nbsp;keskustelemassa vapaa kirjoittaja&nbsp;Saara Mets\u00e4ranta, kirjallisuudentutkija, runoilija ja &hellip; <a href=\"https:\/\/www.radiofiskars.fi\/wordpress\/2023\/02\/paneelikeskustelut-matkasta-ja-matkustamisesta-osa-1-4\/\" class=\"more-link\">Jatka lukemista <span class=\"screen-reader-text\">Paneelikeskustelut matkasta ja matkustamisesta, osa 1\/4<\/span> <span class=\"meta-nav\">&rarr;<\/span><\/a><\/p>\n","protected":false},"author":2,"featured_media":0,"comment_status":"closed","ping_status":"closed","sticky":false,"template":"","format":"standard","meta":{"footnotes":""},"categories":[476,51],"tags":[1000,1002,1005,1004,1003,1001],"class_list":["post-7174","post","type-post","status-publish","format-standard","hentry","category-kirjallisuus","category-tapahtumataltioinnit","tag-elavan-kirjallisuuden-festivaali","tag-saara-metsaranta","tag-sofia-blomberg","tag-sonja-mikkonen","tag-tero-tahtinen","tag-tredu"],"_links":{"self":[{"href":"https:\/\/www.radiofiskars.fi\/wordpress\/wp-json\/wp\/v2\/posts\/7174","targetHints":{"allow":["GET"]}}],"collection":[{"href":"https:\/\/www.radiofiskars.fi\/wordpress\/wp-json\/wp\/v2\/posts"}],"about":[{"href":"https:\/\/www.radiofiskars.fi\/wordpress\/wp-json\/wp\/v2\/types\/post"}],"author":[{"embeddable":true,"href":"https:\/\/www.radiofiskars.fi\/wordpress\/wp-json\/wp\/v2\/users\/2"}],"replies":[{"embeddable":true,"href":"https:\/\/www.radiofiskars.fi\/wordpress\/wp-json\/wp\/v2\/comments?post=7174"}],"version-history":[{"count":9,"href":"https:\/\/www.radiofiskars.fi\/wordpress\/wp-json\/wp\/v2\/posts\/7174\/revisions"}],"predecessor-version":[{"id":7205,"href":"https:\/\/www.radiofiskars.fi\/wordpress\/wp-json\/wp\/v2\/posts\/7174\/revisions\/7205"}],"wp:attachment":[{"href":"https:\/\/www.radiofiskars.fi\/wordpress\/wp-json\/wp\/v2\/media?parent=7174"}],"wp:term":[{"taxonomy":"category","embeddable":true,"href":"https:\/\/www.radiofiskars.fi\/wordpress\/wp-json\/wp\/v2\/categories?post=7174"},{"taxonomy":"post_tag","embeddable":true,"href":"https:\/\/www.radiofiskars.fi\/wordpress\/wp-json\/wp\/v2\/tags?post=7174"}],"curies":[{"name":"wp","href":"https:\/\/api.w.org\/{rel}","templated":true}]}}