{"id":7212,"date":"2023-03-22T10:19:42","date_gmt":"2023-03-22T08:19:42","guid":{"rendered":"https:\/\/www.radiofiskars.fi\/wordpress\/?p=7212"},"modified":"2025-01-07T15:07:12","modified_gmt":"2025-01-07T13:07:12","slug":"paneelikeskustelut-matkasta-ja-matkustamisesta-osa-3-4","status":"publish","type":"post","link":"https:\/\/www.radiofiskars.fi\/wordpress\/2023\/03\/paneelikeskustelut-matkasta-ja-matkustamisesta-osa-3-4\/","title":{"rendered":"Paneelikeskustelut matkasta ja matkustamisesta, osa 3\/4"},"content":{"rendered":"\n<p><strong>Kirjalliset aikamatkat<br><br><\/strong>Tampereella helmikuussa j\u00e4rjestetyn&nbsp;<strong>El\u00e4v\u00e4n Kirjallisuuden Festivaalin<\/strong>&nbsp;aiheena oli&nbsp;<strong>Matka<\/strong>.&nbsp;Radiofiskars julkaisee nelj\u00e4 t\u00e4t\u00e4 teemaa eri suunnilta l\u00e4hestyv\u00e4\u00e4 paneelikeskustelua.<\/p>\n\n\n\n<p>Mit\u00e4 aikamatka menneisyyteen kertoo meille nykyp\u00e4iv\u00e4st\u00e4? Mit\u00e4 opittavaa meill\u00e4 on historiallisesta fiktiosta? Miten kirjallisuudessa on k\u00e4sitelty tulevaisuutta? Miten nykykirjallisuudessa ja -kulttuurissa k\u00e4sitell\u00e4\u00e4n aikamme ahdistusta kirjoittamalla utopioita ja dystopioita? Miksi kuvitteellisissa maailmoissa usein taannutaan menneisyyteen samalla kun katsotaan tulevaisuuteen?&nbsp;Keskustelemassa dystopioita tutkinut kirjallisuudentutkija&nbsp;<strong>Hanna Samola<\/strong>, kirjailija, runoilija ja kuvataiteilija&nbsp;<strong>Tiina Lehikoinen<\/strong>&nbsp;sek\u00e4 kokemuksen historiaan perehtynyt historiantutkija&nbsp;<strong>Heikki Kokko<\/strong>. Haastattelijana&nbsp;<strong>Tytti Koivisto<\/strong>.<\/p>\n\n\n\n<p>Sarjan ensimm\u00e4isess\u00e4 osassa keskusteltiin el\u00e4m\u00e4n ja maailman metaforista teemalla \u201dEl\u00e4m\u00e4 on matka\u201d, mink\u00e4 j\u00e4lkeen aiheena oli matkakirjallisuus ilmastokriisin aikana. Sarjan viimeisess\u00e4 osassa pohditaan, millainen on matka kirjailijuuteen.\u00a0<\/p>\n\n\n\n<p>Tampereella 4.2.2023 j\u00e4rjestetyn ohjelmien taltioinnista vastaa\u00a0<strong>Tredu<\/strong>.<\/p>\n<div class=\"powerpress_player\" id=\"powerpress_player_3751\"><audio class=\"wp-audio-shortcode\" id=\"audio-7212-1\" preload=\"none\" style=\"width: 100%;\" controls=\"controls\"><source type=\"audio\/mpeg\" src=\"https:\/\/www.radiofiskars.fi\/wp-content\/uploads\/2023\/03\/EKF_Paneeli3_Audiofin_01.mp3?_=1\" \/><a href=\"https:\/\/www.radiofiskars.fi\/wp-content\/uploads\/2023\/03\/EKF_Paneeli3_Audiofin_01.mp3\">https:\/\/www.radiofiskars.fi\/wp-content\/uploads\/2023\/03\/EKF_Paneeli3_Audiofin_01.mp3<\/a><\/audio><\/div><p class=\"powerpress_links powerpress_links_mp3\" style=\"margin-bottom: 1px !important;\">Podcast: <a href=\"https:\/\/www.radiofiskars.fi\/wp-content\/uploads\/2023\/03\/EKF_Paneeli3_Audiofin_01.mp3\" class=\"powerpress_link_pinw\" target=\"_blank\" title=\"Play in new window\" onclick=\"return powerpress_pinw('https:\/\/www.radiofiskars.fi\/wordpress\/?powerpress_pinw=7212-podcast');\" rel=\"nofollow\">Play in new window<\/a><\/p><!--powerpress_player-->","protected":false},"excerpt":{"rendered":"<p>Kirjalliset aikamatkat Tampereella helmikuussa j\u00e4rjestetyn&nbsp;El\u00e4v\u00e4n Kirjallisuuden Festivaalin&nbsp;aiheena oli&nbsp;Matka.&nbsp;Radiofiskars julkaisee nelj\u00e4 t\u00e4t\u00e4 teemaa eri suunnilta l\u00e4hestyv\u00e4\u00e4 paneelikeskustelua. Mit\u00e4 aikamatka menneisyyteen kertoo meille nykyp\u00e4iv\u00e4st\u00e4? Mit\u00e4 opittavaa meill\u00e4 on historiallisesta fiktiosta? Miten kirjallisuudessa on k\u00e4sitelty tulevaisuutta? Miten nykykirjallisuudessa ja -kulttuurissa k\u00e4sitell\u00e4\u00e4n aikamme ahdistusta kirjoittamalla utopioita ja dystopioita? Miksi kuvitteellisissa maailmoissa usein taannutaan menneisyyteen samalla kun katsotaan tulevaisuuteen?&nbsp;Keskustelemassa dystopioita &hellip; <a href=\"https:\/\/www.radiofiskars.fi\/wordpress\/2023\/03\/paneelikeskustelut-matkasta-ja-matkustamisesta-osa-3-4\/\" class=\"more-link\">Jatka lukemista <span class=\"screen-reader-text\">Paneelikeskustelut matkasta ja matkustamisesta, osa 3\/4<\/span> <span class=\"meta-nav\">&rarr;<\/span><\/a><\/p>\n","protected":false},"author":2,"featured_media":0,"comment_status":"closed","ping_status":"closed","sticky":false,"template":"","format":"standard","meta":{"footnotes":""},"categories":[476,51],"tags":[1000,1011,1014,1013,1001,1015],"class_list":["post-7212","post","type-post","status-publish","format-standard","hentry","category-kirjallisuus","category-tapahtumataltioinnit","tag-elavan-kirjallisuuden-festivaali","tag-hanna-samola","tag-heikki-kokko","tag-tiina-lehikoinen","tag-tredu","tag-tytti-koivisto"],"_links":{"self":[{"href":"https:\/\/www.radiofiskars.fi\/wordpress\/wp-json\/wp\/v2\/posts\/7212","targetHints":{"allow":["GET"]}}],"collection":[{"href":"https:\/\/www.radiofiskars.fi\/wordpress\/wp-json\/wp\/v2\/posts"}],"about":[{"href":"https:\/\/www.radiofiskars.fi\/wordpress\/wp-json\/wp\/v2\/types\/post"}],"author":[{"embeddable":true,"href":"https:\/\/www.radiofiskars.fi\/wordpress\/wp-json\/wp\/v2\/users\/2"}],"replies":[{"embeddable":true,"href":"https:\/\/www.radiofiskars.fi\/wordpress\/wp-json\/wp\/v2\/comments?post=7212"}],"version-history":[{"count":3,"href":"https:\/\/www.radiofiskars.fi\/wordpress\/wp-json\/wp\/v2\/posts\/7212\/revisions"}],"predecessor-version":[{"id":7218,"href":"https:\/\/www.radiofiskars.fi\/wordpress\/wp-json\/wp\/v2\/posts\/7212\/revisions\/7218"}],"wp:attachment":[{"href":"https:\/\/www.radiofiskars.fi\/wordpress\/wp-json\/wp\/v2\/media?parent=7212"}],"wp:term":[{"taxonomy":"category","embeddable":true,"href":"https:\/\/www.radiofiskars.fi\/wordpress\/wp-json\/wp\/v2\/categories?post=7212"},{"taxonomy":"post_tag","embeddable":true,"href":"https:\/\/www.radiofiskars.fi\/wordpress\/wp-json\/wp\/v2\/tags?post=7212"}],"curies":[{"name":"wp","href":"https:\/\/api.w.org\/{rel}","templated":true}]}}