{"id":7363,"date":"2023-06-06T11:35:36","date_gmt":"2023-06-06T08:35:36","guid":{"rendered":"https:\/\/www.radiofiskars.fi\/wordpress\/?p=7363"},"modified":"2025-01-07T15:06:58","modified_gmt":"2025-01-07T13:06:58","slug":"kirjaesittely-kesatuulten-cecilia","status":"publish","type":"post","link":"https:\/\/www.radiofiskars.fi\/wordpress\/2023\/06\/kirjaesittely-kesatuulten-cecilia\/","title":{"rendered":"Kirjaesittely: Kes\u00e4tuulten Cecilia, Satu Heimonen"},"content":{"rendered":"\n<p><strong>Milkan ja Liitu-kissan kes\u00e4lomalla puhaltavat muutosten tuulet\u2026<\/strong><\/p>\n\n\n\n<p>11-vuotiaan <strong>Milkan<\/strong> suurin haave on&nbsp;toteutunut, kun perheeseen on otettu ragdoll-pentu. Suokaislan suloinen<strong>&nbsp;Cecilia<\/strong>, eli tuttavallisemmin <strong>Liitu<\/strong>, onkin uskomattoman ihana mutta niin villi,&nbsp;ett\u00e4 Milka pelk\u00e4\u00e4 \u00e4idin ja is\u00e4puolensa kyll\u00e4styv\u00e4n koko lemmikkiin.<\/p>\n\n\n\n<figure class=\"wp-block-image size-large is-resized\"><a href=\"https:\/\/www.radiofiskars.fi\/wp-content\/uploads\/2023\/05\/IMG_3946-scaled.jpg\"><img loading=\"lazy\" decoding=\"async\" src=\"https:\/\/www.radiofiskars.fi\/wp-content\/uploads\/2023\/05\/IMG_3946-1024x683.jpg\" alt=\"\" class=\"wp-image-7286\" width=\"512\" height=\"342\" srcset=\"https:\/\/www.radiofiskars.fi\/wp-content\/uploads\/2023\/05\/IMG_3946-1024x683.jpg 1024w, https:\/\/www.radiofiskars.fi\/wp-content\/uploads\/2023\/05\/IMG_3946-300x200.jpg 300w, https:\/\/www.radiofiskars.fi\/wp-content\/uploads\/2023\/05\/IMG_3946-768x512.jpg 768w, https:\/\/www.radiofiskars.fi\/wp-content\/uploads\/2023\/05\/IMG_3946-1536x1024.jpg 1536w, https:\/\/www.radiofiskars.fi\/wp-content\/uploads\/2023\/05\/IMG_3946-2048x1365.jpg 2048w\" sizes=\"auto, (max-width: 512px) 100vw, 512px\" \/><\/a><figcaption>Kuva Sara Riihiaho<\/figcaption><\/figure>\n\n\n\n<p>Odotettu&nbsp;kes\u00e4loma alkaa myrskyisiss\u00e4 tunnelmissa, eik\u00e4 mik\u00e4\u00e4n mene niin kuin Milka on&nbsp;ajatellut. Milka haaveilee m\u00f6kkilomasta, mutta is\u00e4puoli ei halua villi\u00e4&nbsp;pikkukissaa mukaan riehumaan, ja suunnitelmat parhaan yst\u00e4v\u00e4n <strong>Heinin<\/strong> kanssa&nbsp;kariutuvat. Kaiken lis\u00e4ksi Milkan is\u00e4 on uuden tytt\u00f6yst\u00e4v\u00e4ns\u00e4, hyisen <strong>Anniinan<\/strong>&nbsp;lumoissa ja tuntuu unohtaneen tytt\u00e4rens\u00e4 kokonaan.<\/p>\n\n\n\n<p><em>Kes\u00e4tuulten Cecilia<\/em>&nbsp;kuvaa eloisasti ja todenmakuisesti&nbsp;el\u00e4inrakkaan Milkan perhe- ja yst\u00e4vyyssuhteita sek\u00e4 uusperheen toisinaan kiemuraista&nbsp;arkea.<\/p>\n\n\n\n<p>Ep\u00e4onnisen&nbsp;m\u00f6kkijuhannuksen j\u00e4lkeen is\u00e4puoli pudottaa uutispommin, joka ly\u00f6 Milkan ja koko&nbsp;perheen \u00e4llik\u00e4ll\u00e4\u2026<\/p>\n\n\n\n<p>Satu Heimonen, Kes\u00e4tuulten Cecilia, Kustannus-M\u00e4kel\u00e4, 2017<\/p>\n<div class=\"powerpress_player\" id=\"powerpress_player_2718\"><audio class=\"wp-audio-shortcode\" id=\"audio-7363-1\" preload=\"none\" style=\"width: 100%;\" controls=\"controls\"><source type=\"audio\/mpeg\" src=\"https:\/\/www.radiofiskars.fi\/wp-content\/uploads\/2023\/06\/Kesatuulten-cecilia.mp3?_=1\" \/><a href=\"https:\/\/www.radiofiskars.fi\/wp-content\/uploads\/2023\/06\/Kesatuulten-cecilia.mp3\">https:\/\/www.radiofiskars.fi\/wp-content\/uploads\/2023\/06\/Kesatuulten-cecilia.mp3<\/a><\/audio><\/div><p class=\"powerpress_links powerpress_links_mp3\" style=\"margin-bottom: 1px !important;\">Podcast: <a href=\"https:\/\/www.radiofiskars.fi\/wp-content\/uploads\/2023\/06\/Kesatuulten-cecilia.mp3\" class=\"powerpress_link_pinw\" target=\"_blank\" title=\"Play in new window\" onclick=\"return powerpress_pinw('https:\/\/www.radiofiskars.fi\/wordpress\/?powerpress_pinw=7363-podcast');\" rel=\"nofollow\">Play in new window<\/a><\/p><!--powerpress_player-->","protected":false},"excerpt":{"rendered":"<p>Milkan ja Liitu-kissan kes\u00e4lomalla puhaltavat muutosten tuulet\u2026 11-vuotiaan Milkan suurin haave on&nbsp;toteutunut, kun perheeseen on otettu ragdoll-pentu. Suokaislan suloinen&nbsp;Cecilia, eli tuttavallisemmin Liitu, onkin uskomattoman ihana mutta niin villi,&nbsp;ett\u00e4 Milka pelk\u00e4\u00e4 \u00e4idin ja is\u00e4puolensa kyll\u00e4styv\u00e4n koko lemmikkiin. Odotettu&nbsp;kes\u00e4loma alkaa myrskyisiss\u00e4 tunnelmissa, eik\u00e4 mik\u00e4\u00e4n mene niin kuin Milka on&nbsp;ajatellut. Milka haaveilee m\u00f6kkilomasta, mutta is\u00e4puoli ei halua villi\u00e4&nbsp;pikkukissaa &hellip; <a href=\"https:\/\/www.radiofiskars.fi\/wordpress\/2023\/06\/kirjaesittely-kesatuulten-cecilia\/\" class=\"more-link\">Jatka lukemista <span class=\"screen-reader-text\">Kirjaesittely: Kes\u00e4tuulten Cecilia, Satu Heimonen<\/span> <span class=\"meta-nav\">&rarr;<\/span><\/a><\/p>\n","protected":false},"author":2,"featured_media":0,"comment_status":"closed","ping_status":"closed","sticky":false,"template":"","format":"standard","meta":{"footnotes":""},"categories":[616],"tags":[1050,725,1052],"class_list":["post-7363","post","type-post","status-publish","format-standard","hentry","category-taman-mina-luin","tag-kesatuulten-cecilia","tag-kustannus-makela","tag-satu-heimonen"],"_links":{"self":[{"href":"https:\/\/www.radiofiskars.fi\/wordpress\/wp-json\/wp\/v2\/posts\/7363","targetHints":{"allow":["GET"]}}],"collection":[{"href":"https:\/\/www.radiofiskars.fi\/wordpress\/wp-json\/wp\/v2\/posts"}],"about":[{"href":"https:\/\/www.radiofiskars.fi\/wordpress\/wp-json\/wp\/v2\/types\/post"}],"author":[{"embeddable":true,"href":"https:\/\/www.radiofiskars.fi\/wordpress\/wp-json\/wp\/v2\/users\/2"}],"replies":[{"embeddable":true,"href":"https:\/\/www.radiofiskars.fi\/wordpress\/wp-json\/wp\/v2\/comments?post=7363"}],"version-history":[{"count":5,"href":"https:\/\/www.radiofiskars.fi\/wordpress\/wp-json\/wp\/v2\/posts\/7363\/revisions"}],"predecessor-version":[{"id":7371,"href":"https:\/\/www.radiofiskars.fi\/wordpress\/wp-json\/wp\/v2\/posts\/7363\/revisions\/7371"}],"wp:attachment":[{"href":"https:\/\/www.radiofiskars.fi\/wordpress\/wp-json\/wp\/v2\/media?parent=7363"}],"wp:term":[{"taxonomy":"category","embeddable":true,"href":"https:\/\/www.radiofiskars.fi\/wordpress\/wp-json\/wp\/v2\/categories?post=7363"},{"taxonomy":"post_tag","embeddable":true,"href":"https:\/\/www.radiofiskars.fi\/wordpress\/wp-json\/wp\/v2\/tags?post=7363"}],"curies":[{"name":"wp","href":"https:\/\/api.w.org\/{rel}","templated":true}]}}