{"id":7434,"date":"2023-06-06T17:35:33","date_gmt":"2023-06-06T14:35:33","guid":{"rendered":"https:\/\/www.radiofiskars.fi\/wordpress\/?p=7434"},"modified":"2025-01-07T15:06:40","modified_gmt":"2025-01-07T13:06:40","slug":"kirjaesittely-anne-frankin-paivakirja","status":"publish","type":"post","link":"https:\/\/www.radiofiskars.fi\/wordpress\/2023\/06\/kirjaesittely-anne-frankin-paivakirja\/","title":{"rendered":"Kirjaesittely: Anne Frankin p\u00e4iv\u00e4kirja"},"content":{"rendered":"\n<p>Nuoren tyt\u00f6n unohtumaton p\u00e4iv\u00e4kirja tuo juutalaisvainot ja toisen maailmansodan tapahtumat henkil\u00f6kohtaiselle tasolle.<br><br>Kes\u00e4ll\u00e4 1942 juutalaisten el\u00e4m\u00e4 Amsterdamissa on muuttunut yh\u00e4 vaikeammaksi. 13-vuotiaan <strong>Anne Frankin<\/strong> perhe tekee raskaan ratkaisun: he piiloutuvat vanhan liiketalon salaiseen siipeen ja katoavat maan alle. Koko piileskelyn ajan Anne pit\u00e4\u00e4 p\u00e4iv\u00e4kirjaa, jossa h\u00e4n kuvaa perheen el\u00e4m\u00e4\u00e4 ja ulkomaailman tapahtumia. P\u00e4iv\u00e4kirja on yht\u00e4 aikaa herkk\u00e4 ja eloisa kuvaus nuoruudesta vaikeissa oloissa sek\u00e4 dokumentti vainottujen juutalaisten kauheasta kohtalosta. P\u00e4iv\u00e4kirjan uudessa laitoksessa on mukana valokuvia Annesta, h\u00e4nen perheest\u00e4\u00e4n ja muista kirjassa esiintyvist\u00e4 ihmisist\u00e4. <\/p>\n\n\n\n<div class=\"wp-block-image\"><figure class=\"aligncenter size-full is-resized\"><a href=\"https:\/\/www.radiofiskars.fi\/wp-content\/uploads\/2023\/06\/Nayttokuva-2023-6-5-kello-14.47.48.png\"><img loading=\"lazy\" decoding=\"async\" src=\"https:\/\/www.radiofiskars.fi\/wp-content\/uploads\/2023\/06\/Nayttokuva-2023-6-5-kello-14.47.48.png\" alt=\"\" class=\"wp-image-7361\" width=\"318\" height=\"501\" srcset=\"https:\/\/www.radiofiskars.fi\/wp-content\/uploads\/2023\/06\/Nayttokuva-2023-6-5-kello-14.47.48.png 636w, https:\/\/www.radiofiskars.fi\/wp-content\/uploads\/2023\/06\/Nayttokuva-2023-6-5-kello-14.47.48-190x300.png 190w\" sizes=\"auto, (max-width: 318px) 100vw, 318px\" \/><\/a><\/figure><\/div>\n\n\n\n<p>Anne Frankin p\u00e4iv\u00e4kirja, Tammi, 2017 <\/p>\n<div class=\"powerpress_player\" id=\"powerpress_player_3438\"><audio class=\"wp-audio-shortcode\" id=\"audio-7434-1\" preload=\"none\" style=\"width: 100%;\" controls=\"controls\"><source type=\"audio\/mpeg\" src=\"https:\/\/www.radiofiskars.fi\/wp-content\/uploads\/2023\/06\/Anne-Frank.mp3?_=1\" \/><a href=\"https:\/\/www.radiofiskars.fi\/wp-content\/uploads\/2023\/06\/Anne-Frank.mp3\">https:\/\/www.radiofiskars.fi\/wp-content\/uploads\/2023\/06\/Anne-Frank.mp3<\/a><\/audio><\/div><p class=\"powerpress_links powerpress_links_mp3\" style=\"margin-bottom: 1px !important;\">Podcast: <a href=\"https:\/\/www.radiofiskars.fi\/wp-content\/uploads\/2023\/06\/Anne-Frank.mp3\" class=\"powerpress_link_pinw\" target=\"_blank\" title=\"Play in new window\" onclick=\"return powerpress_pinw('https:\/\/www.radiofiskars.fi\/wordpress\/?powerpress_pinw=7434-podcast');\" rel=\"nofollow\">Play in new window<\/a><\/p><!--powerpress_player-->","protected":false},"excerpt":{"rendered":"<p>Nuoren tyt\u00f6n unohtumaton p\u00e4iv\u00e4kirja tuo juutalaisvainot ja toisen maailmansodan tapahtumat henkil\u00f6kohtaiselle tasolle. Kes\u00e4ll\u00e4 1942 juutalaisten el\u00e4m\u00e4 Amsterdamissa on muuttunut yh\u00e4 vaikeammaksi. 13-vuotiaan Anne Frankin perhe tekee raskaan ratkaisun: he piiloutuvat vanhan liiketalon salaiseen siipeen ja katoavat maan alle. Koko piileskelyn ajan Anne pit\u00e4\u00e4 p\u00e4iv\u00e4kirjaa, jossa h\u00e4n kuvaa perheen el\u00e4m\u00e4\u00e4 ja ulkomaailman tapahtumia. P\u00e4iv\u00e4kirja on yht\u00e4 &hellip; <a href=\"https:\/\/www.radiofiskars.fi\/wordpress\/2023\/06\/kirjaesittely-anne-frankin-paivakirja\/\" class=\"more-link\">Jatka lukemista <span class=\"screen-reader-text\">Kirjaesittely: Anne Frankin p\u00e4iv\u00e4kirja<\/span> <span class=\"meta-nav\">&rarr;<\/span><\/a><\/p>\n","protected":false},"author":2,"featured_media":0,"comment_status":"closed","ping_status":"closed","sticky":false,"template":"","format":"standard","meta":{"footnotes":""},"categories":[616],"tags":[1081,1082,693],"class_list":["post-7434","post","type-post","status-publish","format-standard","hentry","category-taman-mina-luin","tag-anne-frank","tag-paivakirja","tag-tammi"],"_links":{"self":[{"href":"https:\/\/www.radiofiskars.fi\/wordpress\/wp-json\/wp\/v2\/posts\/7434","targetHints":{"allow":["GET"]}}],"collection":[{"href":"https:\/\/www.radiofiskars.fi\/wordpress\/wp-json\/wp\/v2\/posts"}],"about":[{"href":"https:\/\/www.radiofiskars.fi\/wordpress\/wp-json\/wp\/v2\/types\/post"}],"author":[{"embeddable":true,"href":"https:\/\/www.radiofiskars.fi\/wordpress\/wp-json\/wp\/v2\/users\/2"}],"replies":[{"embeddable":true,"href":"https:\/\/www.radiofiskars.fi\/wordpress\/wp-json\/wp\/v2\/comments?post=7434"}],"version-history":[{"count":1,"href":"https:\/\/www.radiofiskars.fi\/wordpress\/wp-json\/wp\/v2\/posts\/7434\/revisions"}],"predecessor-version":[{"id":7435,"href":"https:\/\/www.radiofiskars.fi\/wordpress\/wp-json\/wp\/v2\/posts\/7434\/revisions\/7435"}],"wp:attachment":[{"href":"https:\/\/www.radiofiskars.fi\/wordpress\/wp-json\/wp\/v2\/media?parent=7434"}],"wp:term":[{"taxonomy":"category","embeddable":true,"href":"https:\/\/www.radiofiskars.fi\/wordpress\/wp-json\/wp\/v2\/categories?post=7434"},{"taxonomy":"post_tag","embeddable":true,"href":"https:\/\/www.radiofiskars.fi\/wordpress\/wp-json\/wp\/v2\/tags?post=7434"}],"curies":[{"name":"wp","href":"https:\/\/api.w.org\/{rel}","templated":true}]}}