{"id":7512,"date":"2023-10-04T09:51:43","date_gmt":"2023-10-04T06:51:43","guid":{"rendered":"https:\/\/www.radiofiskars.fi\/wordpress\/?p=7512"},"modified":"2025-01-07T15:06:36","modified_gmt":"2025-01-07T13:06:36","slug":"tanssiva-meteoriitti-veden-aika-follow-the-water","status":"publish","type":"post","link":"https:\/\/www.radiofiskars.fi\/wordpress\/2023\/10\/tanssiva-meteoriitti-veden-aika-follow-the-water\/","title":{"rendered":"\u00a0Tanssiva Meteoriitti: Veden runo"},"content":{"rendered":"\n<p><em>Tanssiva&nbsp;Meteoriitti \u2013 Dancing Meteorite<\/em>&nbsp;j\u00e4rjestettiin Fiskarsin Viljamakasiinissa 21.\u201331.5. 2023. T\u00e4m\u00e4n vuoden teemana oli&nbsp;<em>&#8221;Veden aika \u2013 Follow The Water&#8221;.<\/em><\/p>\n\n\n\n<figure class=\"wp-block-image size-large\"><a href=\"https:\/\/www.radiofiskars.fi\/wp-content\/uploads\/2023\/09\/Lauteilla_Fiskars.jpg\"><img loading=\"lazy\" decoding=\"async\" width=\"1024\" height=\"745\" src=\"https:\/\/www.radiofiskars.fi\/wp-content\/uploads\/2023\/09\/Lauteilla_Fiskars-1024x745.jpg\" alt=\"\" class=\"wp-image-7492\" srcset=\"https:\/\/www.radiofiskars.fi\/wp-content\/uploads\/2023\/09\/Lauteilla_Fiskars-1024x745.jpg 1024w, https:\/\/www.radiofiskars.fi\/wp-content\/uploads\/2023\/09\/Lauteilla_Fiskars-300x218.jpg 300w, https:\/\/www.radiofiskars.fi\/wp-content\/uploads\/2023\/09\/Lauteilla_Fiskars-768x559.jpg 768w, https:\/\/www.radiofiskars.fi\/wp-content\/uploads\/2023\/09\/Lauteilla_Fiskars.jpg 1047w\" sizes=\"auto, (max-width: 1024px) 100vw, 1024px\" \/><\/a><\/figure>\n\n\n\n<p>Taiteen ja tieteellisen tutkimuksen keskustelufoorumin tapahtuman ohjelmassa oli\u00a0\u00a0installaatio- ja n\u00e4ytt\u00e4m\u00f6taidetta, keskusteluja, asiantuntijapuheenvuoroja.\u00a0<br><br><em>Art Matters<\/em>\u00a0-keskustelussa 24.5. aiheena oli\u00a0<em>Vesi taiteen metaforana &#8211; Veden runo<\/em>.<br>Keskustelijoina runoilijat\u00a0<strong>Risto Ahti<\/strong>\u00a0ja\u00a0<strong>Petra Vallila<\/strong>, keskustelua ohjasi runoilija\u00a0<strong>Jusa Peltoniemi<\/strong>.<\/p>\n\n\n\n<p>Tanssiva meteoriitti -tapahtuman j\u00e4rjest\u00e4j\u00e4: <strong>Saine Ensemble<\/strong>.<\/p>\n\n\n\n<p>Yhteisty\u00f6kumppanit: Fiskarsin k\u00e4sity\u00f6l\u00e4isten, muotoilijoiden ja taiteilijoiden osuuskunta Onoma, Radio Fiskars, Kelmu ry \u00a0ja Fiskars Village<\/p>\n\n\n\n<p><em>Tapahtumaa\u00a0on rahoitettu Euroopan komission tuella. Komissio ei vastaa julkaisun sis\u00e4ll\u00f6st\u00e4.Grant Agreement-101095029 \u2014 CREA-RE.<\/em>                                                                                      Muut rahoittajat: Bergsr\u00e5dinnan Sophie von Julins stiftelse, Karjaan -Pohjan S\u00e4\u00e4st\u00f6pankkis\u00e4\u00e4ti\u00f6 ja Raaseporin kaupunki<\/p>\n\n\n\n<p><\/p>\n<div class=\"powerpress_player\" id=\"powerpress_player_9012\"><audio class=\"wp-audio-shortcode\" id=\"audio-7512-1\" preload=\"none\" style=\"width: 100%;\" controls=\"controls\"><source type=\"audio\/mpeg\" src=\"https:\/\/www.radiofiskars.fi\/wp-content\/uploads\/2023\/09\/Jusa-Petra-Risto-runometeofin.mp3?_=1\" \/><a href=\"https:\/\/www.radiofiskars.fi\/wp-content\/uploads\/2023\/09\/Jusa-Petra-Risto-runometeofin.mp3\">https:\/\/www.radiofiskars.fi\/wp-content\/uploads\/2023\/09\/Jusa-Petra-Risto-runometeofin.mp3<\/a><\/audio><\/div><p class=\"powerpress_links powerpress_links_mp3\" style=\"margin-bottom: 1px !important;\">Podcast: <a href=\"https:\/\/www.radiofiskars.fi\/wp-content\/uploads\/2023\/09\/Jusa-Petra-Risto-runometeofin.mp3\" class=\"powerpress_link_pinw\" target=\"_blank\" title=\"Play in new window\" onclick=\"return powerpress_pinw('https:\/\/www.radiofiskars.fi\/wordpress\/?powerpress_pinw=7512-podcast');\" rel=\"nofollow\">Play in new window<\/a><\/p><!--powerpress_player-->","protected":false},"excerpt":{"rendered":"<p>Tanssiva&nbsp;Meteoriitti \u2013 Dancing Meteorite&nbsp;j\u00e4rjestettiin Fiskarsin Viljamakasiinissa 21.\u201331.5. 2023. T\u00e4m\u00e4n vuoden teemana oli&nbsp;&#8221;Veden aika \u2013 Follow The Water&#8221;. Taiteen ja tieteellisen tutkimuksen keskustelufoorumin tapahtuman ohjelmassa oli\u00a0\u00a0installaatio- ja n\u00e4ytt\u00e4m\u00f6taidetta, keskusteluja, asiantuntijapuheenvuoroja.\u00a0 Art Matters\u00a0-keskustelussa 24.5. aiheena oli\u00a0Vesi taiteen metaforana &#8211; Veden runo.Keskustelijoina runoilijat\u00a0Risto Ahti\u00a0ja\u00a0Petra Vallila, keskustelua ohjasi runoilija\u00a0Jusa Peltoniemi. Tanssiva meteoriitti -tapahtuman j\u00e4rjest\u00e4j\u00e4: Saine Ensemble. Yhteisty\u00f6kumppanit: Fiskarsin k\u00e4sity\u00f6l\u00e4isten, &hellip; <a href=\"https:\/\/www.radiofiskars.fi\/wordpress\/2023\/10\/tanssiva-meteoriitti-veden-aika-follow-the-water\/\" class=\"more-link\">Jatka lukemista <span class=\"screen-reader-text\">\u00a0Tanssiva Meteoriitti: Veden runo<\/span> <span class=\"meta-nav\">&rarr;<\/span><\/a><\/p>\n","protected":false},"author":2,"featured_media":0,"comment_status":"closed","ping_status":"closed","sticky":false,"template":"","format":"standard","meta":{"footnotes":""},"categories":[5,51],"tags":[167,891,1086,781,1088],"class_list":["post-7512","post","type-post","status-publish","format-standard","hentry","category-haastattelut","category-tapahtumataltioinnit","tag-jusa-peltoniemi","tag-petra-vallila","tag-risto-ahti","tag-tanssiva-meteoriitti","tag-veden-aika"],"_links":{"self":[{"href":"https:\/\/www.radiofiskars.fi\/wordpress\/wp-json\/wp\/v2\/posts\/7512","targetHints":{"allow":["GET"]}}],"collection":[{"href":"https:\/\/www.radiofiskars.fi\/wordpress\/wp-json\/wp\/v2\/posts"}],"about":[{"href":"https:\/\/www.radiofiskars.fi\/wordpress\/wp-json\/wp\/v2\/types\/post"}],"author":[{"embeddable":true,"href":"https:\/\/www.radiofiskars.fi\/wordpress\/wp-json\/wp\/v2\/users\/2"}],"replies":[{"embeddable":true,"href":"https:\/\/www.radiofiskars.fi\/wordpress\/wp-json\/wp\/v2\/comments?post=7512"}],"version-history":[{"count":7,"href":"https:\/\/www.radiofiskars.fi\/wordpress\/wp-json\/wp\/v2\/posts\/7512\/revisions"}],"predecessor-version":[{"id":7545,"href":"https:\/\/www.radiofiskars.fi\/wordpress\/wp-json\/wp\/v2\/posts\/7512\/revisions\/7545"}],"wp:attachment":[{"href":"https:\/\/www.radiofiskars.fi\/wordpress\/wp-json\/wp\/v2\/media?parent=7512"}],"wp:term":[{"taxonomy":"category","embeddable":true,"href":"https:\/\/www.radiofiskars.fi\/wordpress\/wp-json\/wp\/v2\/categories?post=7512"},{"taxonomy":"post_tag","embeddable":true,"href":"https:\/\/www.radiofiskars.fi\/wordpress\/wp-json\/wp\/v2\/tags?post=7512"}],"curies":[{"name":"wp","href":"https:\/\/api.w.org\/{rel}","templated":true}]}}