{"id":7787,"date":"2023-12-09T15:19:21","date_gmt":"2023-12-09T13:19:21","guid":{"rendered":"https:\/\/www.radiofiskars.fi\/wordpress\/?p=7787"},"modified":"2025-01-07T15:06:15","modified_gmt":"2025-01-07T13:06:15","slug":"juha-hurme-kenen-kalevala","status":"publish","type":"post","link":"https:\/\/www.radiofiskars.fi\/wordpress\/2023\/12\/juha-hurme-kenen-kalevala\/","title":{"rendered":"Juha Hurme: Kenen Kalevala?"},"content":{"rendered":"\n<p><strong>Juha Hurme<\/strong> katsoo Kalevalan taakse kirjassa ja n\u00e4ytt\u00e4m\u00f6ll\u00e4.&nbsp;<br>Kenen Kalevala? Folklorea vai fakelorea? Onko Kalevala ry\u00f6stetty\u00e4 kulttuuriperint\u00f6\u00e4? Saako Kalevalan p\u00e4iv\u00e4\u00e4 edes viett\u00e4\u00e4? Juha Hurmeen ruumiinavaus kansalliseepokselle on j\u00e4nnityskertomus suomalaisessa kulttuurissa yh\u00e4 vaikuttavien v\u00e4kevien voimien alkuper\u00e4st\u00e4.&nbsp;<br>Haastattelijana dramaturgi&nbsp;<strong>Juho Gr\u00f6ndahl<\/strong>.<\/p>\n\n\n<div class=\"wp-block-image\">\n<figure class=\"aligncenter size-full is-resized\"><a href=\"https:\/\/www.radiofiskars.fi\/wp-content\/uploads\/2023\/12\/kenen_kalevala_kansi.tif\"><img decoding=\"async\" src=\"https:\/\/www.radiofiskars.fi\/wp-content\/uploads\/2023\/12\/kenen_kalevala_kansi.tif\" alt=\"\" class=\"wp-image-7785\" style=\"aspect-ratio:0.6748518204911093;width:259px;height:auto\"\/><\/a><\/figure>\n<\/div>\n\n\n<p><strong>Kenen Kalevala&nbsp;<\/strong>(SKS),<strong>&nbsp;V\u00e4in\u00e4m\u00f6inen-n\u00e4ytelm\u00e4<\/strong>&nbsp;(TTT)  <\/p>\n\n\n\n<p>Taltiointi Tampereen Kirjafestareilta 3.12.2023.<\/p>\n<div class=\"powerpress_player\" id=\"powerpress_player_8228\"><audio class=\"wp-audio-shortcode\" id=\"audio-7787-1\" preload=\"none\" style=\"width: 100%;\" controls=\"controls\"><source type=\"audio\/mpeg\" src=\"https:\/\/www.radiofiskars.fi\/wp-content\/uploads\/2023\/12\/2-JUHA-HURME-TRE23.mp3?_=1\" \/><a href=\"https:\/\/www.radiofiskars.fi\/wp-content\/uploads\/2023\/12\/2-JUHA-HURME-TRE23.mp3\">https:\/\/www.radiofiskars.fi\/wp-content\/uploads\/2023\/12\/2-JUHA-HURME-TRE23.mp3<\/a><\/audio><\/div><p class=\"powerpress_links powerpress_links_mp3\" style=\"margin-bottom: 1px !important;\">Podcast: <a href=\"https:\/\/www.radiofiskars.fi\/wp-content\/uploads\/2023\/12\/2-JUHA-HURME-TRE23.mp3\" class=\"powerpress_link_pinw\" target=\"_blank\" title=\"Play in new window\" onclick=\"return powerpress_pinw('https:\/\/www.radiofiskars.fi\/wordpress\/?powerpress_pinw=7787-podcast');\" rel=\"nofollow\">Play in new window<\/a><\/p><!--powerpress_player-->","protected":false},"excerpt":{"rendered":"<p>Juha Hurme katsoo Kalevalan taakse kirjassa ja n\u00e4ytt\u00e4m\u00f6ll\u00e4.&nbsp;Kenen Kalevala? Folklorea vai fakelorea? Onko Kalevala ry\u00f6stetty\u00e4 kulttuuriperint\u00f6\u00e4? Saako Kalevalan p\u00e4iv\u00e4\u00e4 edes viett\u00e4\u00e4? Juha Hurmeen ruumiinavaus kansalliseepokselle on j\u00e4nnityskertomus suomalaisessa kulttuurissa yh\u00e4 vaikuttavien v\u00e4kevien voimien alkuper\u00e4st\u00e4.&nbsp;Haastattelijana dramaturgi&nbsp;Juho Gr\u00f6ndahl. Kenen Kalevala&nbsp;(SKS),&nbsp;V\u00e4in\u00e4m\u00f6inen-n\u00e4ytelm\u00e4&nbsp;(TTT) Taltiointi Tampereen Kirjafestareilta 3.12.2023. https:\/\/www.radiofiskars.fi\/wp-content\/uploads\/2023\/12\/2-JUHA-HURME-TRE23.mp3 Podcast: Play in new window<\/p>\n","protected":false},"author":2,"featured_media":0,"comment_status":"closed","ping_status":"closed","sticky":false,"template":"","format":"standard","meta":{"footnotes":""},"categories":[476,51],"tags":[132,1145,1144,908,927],"class_list":["post-7787","post","type-post","status-publish","format-standard","hentry","category-kirjallisuus","category-tapahtumataltioinnit","tag-juha-hurme","tag-juho-grondahl","tag-kenen-kalevala","tag-sks","tag-tampereen-kirjafestarit"],"_links":{"self":[{"href":"https:\/\/www.radiofiskars.fi\/wordpress\/wp-json\/wp\/v2\/posts\/7787","targetHints":{"allow":["GET"]}}],"collection":[{"href":"https:\/\/www.radiofiskars.fi\/wordpress\/wp-json\/wp\/v2\/posts"}],"about":[{"href":"https:\/\/www.radiofiskars.fi\/wordpress\/wp-json\/wp\/v2\/types\/post"}],"author":[{"embeddable":true,"href":"https:\/\/www.radiofiskars.fi\/wordpress\/wp-json\/wp\/v2\/users\/2"}],"replies":[{"embeddable":true,"href":"https:\/\/www.radiofiskars.fi\/wordpress\/wp-json\/wp\/v2\/comments?post=7787"}],"version-history":[{"count":4,"href":"https:\/\/www.radiofiskars.fi\/wordpress\/wp-json\/wp\/v2\/posts\/7787\/revisions"}],"predecessor-version":[{"id":7791,"href":"https:\/\/www.radiofiskars.fi\/wordpress\/wp-json\/wp\/v2\/posts\/7787\/revisions\/7791"}],"wp:attachment":[{"href":"https:\/\/www.radiofiskars.fi\/wordpress\/wp-json\/wp\/v2\/media?parent=7787"}],"wp:term":[{"taxonomy":"category","embeddable":true,"href":"https:\/\/www.radiofiskars.fi\/wordpress\/wp-json\/wp\/v2\/categories?post=7787"},{"taxonomy":"post_tag","embeddable":true,"href":"https:\/\/www.radiofiskars.fi\/wordpress\/wp-json\/wp\/v2\/tags?post=7787"}],"curies":[{"name":"wp","href":"https:\/\/api.w.org\/{rel}","templated":true}]}}