{"id":7823,"date":"2023-12-16T10:31:34","date_gmt":"2023-12-16T08:31:34","guid":{"rendered":"https:\/\/www.radiofiskars.fi\/wordpress\/?p=7823"},"modified":"2025-01-07T15:06:08","modified_gmt":"2025-01-07T13:06:08","slug":"populismin-anatomia","status":"publish","type":"post","link":"https:\/\/www.radiofiskars.fi\/wordpress\/2023\/12\/populismin-anatomia\/","title":{"rendered":"Populismin anatomia"},"content":{"rendered":"\n<p><strong>Yannick Lahden&nbsp;<\/strong>ja&nbsp;<strong>Matti M\u00f6rttisen<\/strong>&nbsp;yhdess\u00e4 kirjoittama&nbsp;<em>Populismin anatomia<\/em>&nbsp;on kirja jokaiselle, joka yritt\u00e4\u00e4 ymm\u00e4rt\u00e4\u00e4, mist\u00e4 on kyse aikamme leimallisimmassa poliittisessa ilmi\u00f6ss\u00e4 Suomessa ja muualla maailmassa. Mik\u00e4 tekee poliitikosta populistin? Mit\u00e4 hyv\u00e4\u00e4 populismissa on? Onko ilmi\u00f6ss\u00e4 kyse kausivaihtelusta, vai onko se tullut j\u00e4\u00e4d\u00e4kseen?   Haastattelijana&nbsp;<strong>Maria Rossi<\/strong>.<\/p>\n\n\n<div class=\"wp-block-image\">\n<figure class=\"aligncenter size-full is-resized\"><a href=\"https:\/\/www.radiofiskars.fi\/wp-content\/uploads\/2023\/12\/Populismin_anatomia_kansi_valmis-kopio-405x600-1.jpg\"><img loading=\"lazy\" decoding=\"async\" width=\"405\" height=\"600\" src=\"https:\/\/www.radiofiskars.fi\/wp-content\/uploads\/2023\/12\/Populismin_anatomia_kansi_valmis-kopio-405x600-1.jpg\" alt=\"\" class=\"wp-image-7826\" style=\"aspect-ratio:0.675;width:363px;height:auto\" srcset=\"https:\/\/www.radiofiskars.fi\/wp-content\/uploads\/2023\/12\/Populismin_anatomia_kansi_valmis-kopio-405x600-1.jpg 405w, https:\/\/www.radiofiskars.fi\/wp-content\/uploads\/2023\/12\/Populismin_anatomia_kansi_valmis-kopio-405x600-1-203x300.jpg 203w\" sizes=\"auto, (max-width: 405px) 100vw, 405px\" \/><\/a><\/figure>\n<\/div>\n\n\n<p>Yannick Lahti &amp; Matti M\u00f6rttinen: Populismin anatomia, Into, 2023.&nbsp;&nbsp;<\/p>\n\n\n\n<p>Taltiointi Tampereen Kirjafestareilta 2.12.2023.<\/p>\n<div class=\"powerpress_player\" id=\"powerpress_player_3089\"><audio class=\"wp-audio-shortcode\" id=\"audio-7823-1\" preload=\"none\" style=\"width: 100%;\" controls=\"controls\"><source type=\"audio\/mpeg\" src=\"https:\/\/www.radiofiskars.fi\/wp-content\/uploads\/2023\/12\/5-MATTI-MORTTINEN-TRE.mp3?_=1\" \/><a href=\"https:\/\/www.radiofiskars.fi\/wp-content\/uploads\/2023\/12\/5-MATTI-MORTTINEN-TRE.mp3\">https:\/\/www.radiofiskars.fi\/wp-content\/uploads\/2023\/12\/5-MATTI-MORTTINEN-TRE.mp3<\/a><\/audio><\/div><p class=\"powerpress_links powerpress_links_mp3\" style=\"margin-bottom: 1px !important;\">Podcast: <a href=\"https:\/\/www.radiofiskars.fi\/wp-content\/uploads\/2023\/12\/5-MATTI-MORTTINEN-TRE.mp3\" class=\"powerpress_link_pinw\" target=\"_blank\" title=\"Play in new window\" onclick=\"return powerpress_pinw('https:\/\/www.radiofiskars.fi\/wordpress\/?powerpress_pinw=7823-podcast');\" rel=\"nofollow\">Play in new window<\/a><\/p><!--powerpress_player-->","protected":false},"excerpt":{"rendered":"<p>Yannick Lahden&nbsp;ja&nbsp;Matti M\u00f6rttisen&nbsp;yhdess\u00e4 kirjoittama&nbsp;Populismin anatomia&nbsp;on kirja jokaiselle, joka yritt\u00e4\u00e4 ymm\u00e4rt\u00e4\u00e4, mist\u00e4 on kyse aikamme leimallisimmassa poliittisessa ilmi\u00f6ss\u00e4 Suomessa ja muualla maailmassa. Mik\u00e4 tekee poliitikosta populistin? Mit\u00e4 hyv\u00e4\u00e4 populismissa on? Onko ilmi\u00f6ss\u00e4 kyse kausivaihtelusta, vai onko se tullut j\u00e4\u00e4d\u00e4kseen? Haastattelijana&nbsp;Maria Rossi. Yannick Lahti &amp; Matti M\u00f6rttinen: Populismin anatomia, Into, 2023.&nbsp;&nbsp; Taltiointi Tampereen Kirjafestareilta 2.12.2023. https:\/\/www.radiofiskars.fi\/wp-content\/uploads\/2023\/12\/5-MATTI-MORTTINEN-TRE.mp3 Podcast: &hellip; <a href=\"https:\/\/www.radiofiskars.fi\/wordpress\/2023\/12\/populismin-anatomia\/\" class=\"more-link\">Jatka lukemista <span class=\"screen-reader-text\">Populismin anatomia<\/span> <span class=\"meta-nav\">&rarr;<\/span><\/a><\/p>\n","protected":false},"author":2,"featured_media":0,"comment_status":"closed","ping_status":"closed","sticky":false,"template":"","format":"standard","meta":{"footnotes":""},"categories":[476,51],"tags":[619,1140,1164,927,1163],"class_list":["post-7823","post","type-post","status-publish","format-standard","hentry","category-kirjallisuus","category-tapahtumataltioinnit","tag-into-kustannus","tag-matti-morttinen","tag-populismin-anatomia","tag-tampereen-kirjafestarit","tag-yannick-lahti"],"_links":{"self":[{"href":"https:\/\/www.radiofiskars.fi\/wordpress\/wp-json\/wp\/v2\/posts\/7823","targetHints":{"allow":["GET"]}}],"collection":[{"href":"https:\/\/www.radiofiskars.fi\/wordpress\/wp-json\/wp\/v2\/posts"}],"about":[{"href":"https:\/\/www.radiofiskars.fi\/wordpress\/wp-json\/wp\/v2\/types\/post"}],"author":[{"embeddable":true,"href":"https:\/\/www.radiofiskars.fi\/wordpress\/wp-json\/wp\/v2\/users\/2"}],"replies":[{"embeddable":true,"href":"https:\/\/www.radiofiskars.fi\/wordpress\/wp-json\/wp\/v2\/comments?post=7823"}],"version-history":[{"count":5,"href":"https:\/\/www.radiofiskars.fi\/wordpress\/wp-json\/wp\/v2\/posts\/7823\/revisions"}],"predecessor-version":[{"id":7829,"href":"https:\/\/www.radiofiskars.fi\/wordpress\/wp-json\/wp\/v2\/posts\/7823\/revisions\/7829"}],"wp:attachment":[{"href":"https:\/\/www.radiofiskars.fi\/wordpress\/wp-json\/wp\/v2\/media?parent=7823"}],"wp:term":[{"taxonomy":"category","embeddable":true,"href":"https:\/\/www.radiofiskars.fi\/wordpress\/wp-json\/wp\/v2\/categories?post=7823"},{"taxonomy":"post_tag","embeddable":true,"href":"https:\/\/www.radiofiskars.fi\/wordpress\/wp-json\/wp\/v2\/tags?post=7823"}],"curies":[{"name":"wp","href":"https:\/\/api.w.org\/{rel}","templated":true}]}}