{"id":7837,"date":"2023-12-18T11:39:40","date_gmt":"2023-12-18T09:39:40","guid":{"rendered":"https:\/\/www.radiofiskars.fi\/wordpress\/?p=7837"},"modified":"2025-01-07T15:06:06","modified_gmt":"2025-01-07T13:06:06","slug":"italiaa-ristiin-rastiin-goethen-kannoilla","status":"publish","type":"post","link":"https:\/\/www.radiofiskars.fi\/wordpress\/2023\/12\/italiaa-ristiin-rastiin-goethen-kannoilla\/","title":{"rendered":"Italiaa ristiin rastiin, Goethen kannoilla"},"content":{"rendered":"\n<p><strong>Johann Wolfgang von Goethe<\/strong> teki&nbsp;Grand tour&nbsp;-matkan vuosina 1786\u20131788 Italian niemimaan halki. Italiassa pitk\u00e4\u00e4n asuneet <strong>Pirjo<\/strong> ja <strong>Reijo Toivanen<\/strong> seurasivat suurmiehen jalanj\u00e4lki\u00e4 pohjoisesta etel\u00e4\u00e4n. Syntyi <em>Italiaa ristiin rastiin, Goethen kannoilla<\/em>, jossa kuvin ja tarinoin tuodaan Goethen matkan vaiheita t\u00e4h\u00e4n p\u00e4iv\u00e4\u00e4n. Toiveena on, ett\u00e4 kirja tuo iloa ja intoa etsi\u00e4 uusia n\u00e4k\u00f6kulmia Italiassa matkustaville. Haastattelijana <strong>Maritta Hirvonen<\/strong>.<\/p>\n\n\n\n<figure class=\"wp-block-image size-large\"><a href=\"https:\/\/www.radiofiskars.fi\/wp-content\/uploads\/2023\/12\/6419.jpg\"><img loading=\"lazy\" decoding=\"async\" width=\"1024\" height=\"576\" src=\"https:\/\/www.radiofiskars.fi\/wp-content\/uploads\/2023\/12\/6419-1024x576.jpg\" alt=\"\" class=\"wp-image-7772\" srcset=\"https:\/\/www.radiofiskars.fi\/wp-content\/uploads\/2023\/12\/6419-1024x576.jpg 1024w, https:\/\/www.radiofiskars.fi\/wp-content\/uploads\/2023\/12\/6419-300x169.jpg 300w, https:\/\/www.radiofiskars.fi\/wp-content\/uploads\/2023\/12\/6419-768x432.jpg 768w, https:\/\/www.radiofiskars.fi\/wp-content\/uploads\/2023\/12\/6419-1536x864.jpg 1536w, https:\/\/www.radiofiskars.fi\/wp-content\/uploads\/2023\/12\/6419.jpg 1920w\" sizes=\"auto, (max-width: 1024px) 100vw, 1024px\" \/><\/a><\/figure>\n\n\n\n<p>Goethe arvosti antiikin taidetta ja k\u00e4sity\u00f6taitoa. Menneisyys kytkeytyy niist\u00e4 nykyisyyteen. Oliivipuu voi kasvaa kaksituhatta vuotta. Pinnan rosoisuutta koskettaessa voi vain h\u00e4mm\u00e4stell\u00e4 sen sitkeytt\u00e4. Vanhojen sypressien keskell\u00e4 tuuli humisee satojen vuosien takaisia tarinoitaan. Tuhatvuotiset muurit huokuvat historiaa.<\/p>\n\n\n\n<p>Mit\u00e4 pitemm\u00e4lle mereen kahlaa, sit\u00e4 syvemm\u00e4lle joutuu. (Goethe Roomassa 1787)<\/p>\n\n\n\n<p>\u00a0<strong>Pirjo <\/strong>ja<strong> Reijo Toivanen<\/strong>, <em>Italiaa ristiin rastiin, Goethen kannoilla,<\/em> Stresa, 2023. \u2028<\/p>\n\n\n\n<p>Taltiointi Tampereen Kirjafestareilta 2.12.2023.<\/p>\n<div class=\"powerpress_player\" id=\"powerpress_player_7983\"><audio class=\"wp-audio-shortcode\" id=\"audio-7837-1\" preload=\"none\" style=\"width: 100%;\" controls=\"controls\"><source type=\"audio\/mpeg\" src=\"https:\/\/www.radiofiskars.fi\/wp-content\/uploads\/2023\/12\/20-TOIVASET-STRESA-FIN.mp3?_=1\" \/><a href=\"https:\/\/www.radiofiskars.fi\/wp-content\/uploads\/2023\/12\/20-TOIVASET-STRESA-FIN.mp3\">https:\/\/www.radiofiskars.fi\/wp-content\/uploads\/2023\/12\/20-TOIVASET-STRESA-FIN.mp3<\/a><\/audio><\/div><p class=\"powerpress_links powerpress_links_mp3\" style=\"margin-bottom: 1px !important;\">Podcast: <a href=\"https:\/\/www.radiofiskars.fi\/wp-content\/uploads\/2023\/12\/20-TOIVASET-STRESA-FIN.mp3\" class=\"powerpress_link_pinw\" target=\"_blank\" title=\"Play in new window\" onclick=\"return powerpress_pinw('https:\/\/www.radiofiskars.fi\/wordpress\/?powerpress_pinw=7837-podcast');\" rel=\"nofollow\">Play in new window<\/a><\/p><!--powerpress_player-->","protected":false},"excerpt":{"rendered":"<p>Johann Wolfgang von Goethe teki&nbsp;Grand tour&nbsp;-matkan vuosina 1786\u20131788 Italian niemimaan halki. Italiassa pitk\u00e4\u00e4n asuneet Pirjo ja Reijo Toivanen seurasivat suurmiehen jalanj\u00e4lki\u00e4 pohjoisesta etel\u00e4\u00e4n. Syntyi Italiaa ristiin rastiin, Goethen kannoilla, jossa kuvin ja tarinoin tuodaan Goethen matkan vaiheita t\u00e4h\u00e4n p\u00e4iv\u00e4\u00e4n. Toiveena on, ett\u00e4 kirja tuo iloa ja intoa etsi\u00e4 uusia n\u00e4k\u00f6kulmia Italiassa matkustaville. Haastattelijana Maritta Hirvonen. &hellip; <a href=\"https:\/\/www.radiofiskars.fi\/wordpress\/2023\/12\/italiaa-ristiin-rastiin-goethen-kannoilla\/\" class=\"more-link\">Jatka lukemista <span class=\"screen-reader-text\">Italiaa ristiin rastiin, Goethen kannoilla<\/span> <span class=\"meta-nav\">&rarr;<\/span><\/a><\/p>\n","protected":false},"author":2,"featured_media":0,"comment_status":"closed","ping_status":"closed","sticky":false,"template":"","format":"standard","meta":{"footnotes":""},"categories":[476,51],"tags":[1168,1172,1173,1169,927],"class_list":["post-7837","post","type-post","status-publish","format-standard","hentry","category-kirjallisuus","category-tapahtumataltioinnit","tag-italiaa-ristiin-rastiin-goethen-kannoilla","tag-maritta-hirvonen","tag-pirjo-ja-reijo-toivanen","tag-stresa","tag-tampereen-kirjafestarit"],"_links":{"self":[{"href":"https:\/\/www.radiofiskars.fi\/wordpress\/wp-json\/wp\/v2\/posts\/7837","targetHints":{"allow":["GET"]}}],"collection":[{"href":"https:\/\/www.radiofiskars.fi\/wordpress\/wp-json\/wp\/v2\/posts"}],"about":[{"href":"https:\/\/www.radiofiskars.fi\/wordpress\/wp-json\/wp\/v2\/types\/post"}],"author":[{"embeddable":true,"href":"https:\/\/www.radiofiskars.fi\/wordpress\/wp-json\/wp\/v2\/users\/2"}],"replies":[{"embeddable":true,"href":"https:\/\/www.radiofiskars.fi\/wordpress\/wp-json\/wp\/v2\/comments?post=7837"}],"version-history":[{"count":3,"href":"https:\/\/www.radiofiskars.fi\/wordpress\/wp-json\/wp\/v2\/posts\/7837\/revisions"}],"predecessor-version":[{"id":7842,"href":"https:\/\/www.radiofiskars.fi\/wordpress\/wp-json\/wp\/v2\/posts\/7837\/revisions\/7842"}],"wp:attachment":[{"href":"https:\/\/www.radiofiskars.fi\/wordpress\/wp-json\/wp\/v2\/media?parent=7837"}],"wp:term":[{"taxonomy":"category","embeddable":true,"href":"https:\/\/www.radiofiskars.fi\/wordpress\/wp-json\/wp\/v2\/categories?post=7837"},{"taxonomy":"post_tag","embeddable":true,"href":"https:\/\/www.radiofiskars.fi\/wordpress\/wp-json\/wp\/v2\/tags?post=7837"}],"curies":[{"name":"wp","href":"https:\/\/api.w.org\/{rel}","templated":true}]}}