{"id":8194,"date":"2024-03-15T10:12:41","date_gmt":"2024-03-15T08:12:41","guid":{"rendered":"https:\/\/www.radiofiskars.fi\/wordpress\/?p=8194"},"modified":"2025-01-07T15:05:50","modified_gmt":"2025-01-07T13:05:50","slug":"kysy-museolta-ruukinpatruuna-bengt-bjorkman","status":"publish","type":"post","link":"https:\/\/www.radiofiskars.fi\/wordpress\/2024\/03\/kysy-museolta-ruukinpatruuna-bengt-bjorkman\/","title":{"rendered":"Kysy museolta: Ruukinpatruuna Bengt Bj\u00f6rkman"},"content":{"rendered":"\n<p>Kysy museolta-sarjassa toimittaja\u00a0<strong>Ella Hansen-Haugille<\/strong>\u00a0l\u00e4hetetyss\u00e4 kysymyksess\u00e4 pyydet\u00e4\u00e4n selvityst\u00e4 ruukinpatruuna\u00a0<strong>Bengt Bj\u00f6rkmanin<\/strong>\u00a0edesottamuksista. Vastaajana Fiskarsin museon opas Johanna Ekman. <\/p>\n\n\n\n<p>Lis\u00e4\u00e4 Fiskarsin menneisyytt\u00e4 koskevia kysymyksi\u00e4 voi l\u00e4hett\u00e4\u00e4 osoitteella&nbsp;<a href=\"mailto:ella.hansen-haug@radiofiskars.fi\">ella.hansen-haug@radiofiskars.fi<\/a>&nbsp;20.8.2013<\/p>\n<div class=\"powerpress_player\" id=\"powerpress_player_5446\"><audio class=\"wp-audio-shortcode\" id=\"audio-8194-1\" preload=\"none\" style=\"width: 100%;\" controls=\"controls\"><source type=\"audio\/mpeg\" src=\"https:\/\/www.radiofiskars.fi\/wp-content\/uploads\/2013\/07\/Kysy-museolta-Ludvig-von-2013-w-305kbps.mp3?_=1\" \/><a href=\"https:\/\/www.radiofiskars.fi\/wp-content\/uploads\/2013\/07\/Kysy-museolta-Ludvig-von-2013-w-305kbps.mp3\">https:\/\/www.radiofiskars.fi\/wp-content\/uploads\/2013\/07\/Kysy-museolta-Ludvig-von-2013-w-305kbps.mp3<\/a><\/audio><\/div><p class=\"powerpress_links powerpress_links_mp3\" style=\"margin-bottom: 1px !important;\">Podcast: <a href=\"https:\/\/www.radiofiskars.fi\/wp-content\/uploads\/2013\/07\/Kysy-museolta-Ludvig-von-2013-w-305kbps.mp3\" class=\"powerpress_link_pinw\" target=\"_blank\" title=\"Play in new window\" onclick=\"return powerpress_pinw('https:\/\/www.radiofiskars.fi\/wordpress\/?powerpress_pinw=8194-podcast');\" rel=\"nofollow\">Play in new window<\/a><\/p><!--powerpress_player-->","protected":false},"excerpt":{"rendered":"<p>Kysy museolta-sarjassa toimittaja\u00a0Ella Hansen-Haugille\u00a0l\u00e4hetetyss\u00e4 kysymyksess\u00e4 pyydet\u00e4\u00e4n selvityst\u00e4 ruukinpatruuna\u00a0Bengt Bj\u00f6rkmanin\u00a0edesottamuksista. Vastaajana Fiskarsin museon opas Johanna Ekman. Lis\u00e4\u00e4 Fiskarsin menneisyytt\u00e4 koskevia kysymyksi\u00e4 voi l\u00e4hett\u00e4\u00e4 osoitteella&nbsp;ella.hansen-haug@radiofiskars.fi&nbsp;20.8.2013 https:\/\/www.radiofiskars.fi\/wp-content\/uploads\/2013\/07\/Kysy-museolta-Ludvig-von-2013-w-305kbps.mp3 Podcast: Play in new window<\/p>\n","protected":false},"author":2,"featured_media":0,"comment_status":"closed","ping_status":"closed","sticky":false,"template":"","format":"standard","meta":{"footnotes":""},"categories":[4],"tags":[1222,180,1221,18],"class_list":["post-8194","post","type-post","status-publish","format-standard","hentry","category-fiskarsin-lahihistoria","tag-bengt-bjorkman","tag-ella-hansen-haug","tag-johanna-ekman","tag-kysy-museolta"],"_links":{"self":[{"href":"https:\/\/www.radiofiskars.fi\/wordpress\/wp-json\/wp\/v2\/posts\/8194","targetHints":{"allow":["GET"]}}],"collection":[{"href":"https:\/\/www.radiofiskars.fi\/wordpress\/wp-json\/wp\/v2\/posts"}],"about":[{"href":"https:\/\/www.radiofiskars.fi\/wordpress\/wp-json\/wp\/v2\/types\/post"}],"author":[{"embeddable":true,"href":"https:\/\/www.radiofiskars.fi\/wordpress\/wp-json\/wp\/v2\/users\/2"}],"replies":[{"embeddable":true,"href":"https:\/\/www.radiofiskars.fi\/wordpress\/wp-json\/wp\/v2\/comments?post=8194"}],"version-history":[{"count":2,"href":"https:\/\/www.radiofiskars.fi\/wordpress\/wp-json\/wp\/v2\/posts\/8194\/revisions"}],"predecessor-version":[{"id":8196,"href":"https:\/\/www.radiofiskars.fi\/wordpress\/wp-json\/wp\/v2\/posts\/8194\/revisions\/8196"}],"wp:attachment":[{"href":"https:\/\/www.radiofiskars.fi\/wordpress\/wp-json\/wp\/v2\/media?parent=8194"}],"wp:term":[{"taxonomy":"category","embeddable":true,"href":"https:\/\/www.radiofiskars.fi\/wordpress\/wp-json\/wp\/v2\/categories?post=8194"},{"taxonomy":"post_tag","embeddable":true,"href":"https:\/\/www.radiofiskars.fi\/wordpress\/wp-json\/wp\/v2\/tags?post=8194"}],"curies":[{"name":"wp","href":"https:\/\/api.w.org\/{rel}","templated":true}]}}