{"id":8409,"date":"2024-03-22T12:12:02","date_gmt":"2024-03-22T10:12:02","guid":{"rendered":"https:\/\/www.radiofiskars.fi\/wordpress\/?p=8409"},"modified":"2025-01-07T15:05:22","modified_gmt":"2025-01-07T13:05:22","slug":"teatterivalimo-maamme-nykykuvia-suomesta-2","status":"publish","type":"post","link":"https:\/\/www.radiofiskars.fi\/wordpress\/2024\/03\/teatterivalimo-maamme-nykykuvia-suomesta-2\/","title":{"rendered":"Teatterivalimo: Maamme \u2013 nykykuvia Suomesta  2"},"content":{"rendered":"\n<p>Teatterivalimolla kes\u00e4n n\u00e4ytelm\u00e4n\u00e4&nbsp;<strong>Elina Snickerin<\/strong>&nbsp;kirjoittama&nbsp;<em>Maamme \u2013 nykykuvia Suomesta<\/em>. N\u00e4ytelm\u00e4 kysyy muun muassa kenen Suomi on. Toimittaja Suvi Heino.<\/p>\n\n\n\n<p>N\u00e4yttelij\u00e4n\u00e4 debytoivan\u00a0<strong>Tuula Kleimanin<\/strong>\u00a0ajatuksia n\u00e4ytelm\u00e4st\u00e4 ja tulevasta kes\u00e4st\u00e4.<\/p>\n\n\n\n<p>Ensimm\u00e4inen l\u00e4hetysp\u00e4iv\u00e4 4.6.2016<\/p>\n<div class=\"powerpress_player\" id=\"powerpress_player_6666\"><audio class=\"wp-audio-shortcode\" id=\"audio-8409-1\" preload=\"none\" style=\"width: 100%;\" controls=\"controls\"><source type=\"audio\/mpeg\" src=\"https:\/\/www.radiofiskars.fi\/wp-content\/uploads\/2016\/06\/Tuula-Kleiman-2016-w-300kbps.mp3?_=1\" \/><a href=\"https:\/\/www.radiofiskars.fi\/wp-content\/uploads\/2016\/06\/Tuula-Kleiman-2016-w-300kbps.mp3\">https:\/\/www.radiofiskars.fi\/wp-content\/uploads\/2016\/06\/Tuula-Kleiman-2016-w-300kbps.mp3<\/a><\/audio><\/div><p class=\"powerpress_links powerpress_links_mp3\" style=\"margin-bottom: 1px !important;\">Podcast: <a href=\"https:\/\/www.radiofiskars.fi\/wp-content\/uploads\/2016\/06\/Tuula-Kleiman-2016-w-300kbps.mp3\" class=\"powerpress_link_pinw\" target=\"_blank\" title=\"Play in new window\" onclick=\"return powerpress_pinw('https:\/\/www.radiofiskars.fi\/wordpress\/?powerpress_pinw=8409-podcast');\" rel=\"nofollow\">Play in new window<\/a><\/p><!--powerpress_player-->","protected":false},"excerpt":{"rendered":"<p>Teatterivalimolla kes\u00e4n n\u00e4ytelm\u00e4n\u00e4&nbsp;Elina Snickerin&nbsp;kirjoittama&nbsp;Maamme \u2013 nykykuvia Suomesta. N\u00e4ytelm\u00e4 kysyy muun muassa kenen Suomi on. Toimittaja Suvi Heino. N\u00e4yttelij\u00e4n\u00e4 debytoivan\u00a0Tuula Kleimanin\u00a0ajatuksia n\u00e4ytelm\u00e4st\u00e4 ja tulevasta kes\u00e4st\u00e4. Ensimm\u00e4inen l\u00e4hetysp\u00e4iv\u00e4 4.6.2016 https:\/\/www.radiofiskars.fi\/wp-content\/uploads\/2016\/06\/Tuula-Kleiman-2016-w-300kbps.mp3 Podcast: Play in new window<\/p>\n","protected":false},"author":2,"featured_media":0,"comment_status":"closed","ping_status":"closed","sticky":false,"template":"","format":"standard","meta":{"footnotes":""},"categories":[5],"tags":[191,313,315],"class_list":["post-8409","post","type-post","status-publish","format-standard","hentry","category-haastattelut","tag-suvi-heino","tag-teatterivalimo","tag-tuula-kleiman"],"_links":{"self":[{"href":"https:\/\/www.radiofiskars.fi\/wordpress\/wp-json\/wp\/v2\/posts\/8409","targetHints":{"allow":["GET"]}}],"collection":[{"href":"https:\/\/www.radiofiskars.fi\/wordpress\/wp-json\/wp\/v2\/posts"}],"about":[{"href":"https:\/\/www.radiofiskars.fi\/wordpress\/wp-json\/wp\/v2\/types\/post"}],"author":[{"embeddable":true,"href":"https:\/\/www.radiofiskars.fi\/wordpress\/wp-json\/wp\/v2\/users\/2"}],"replies":[{"embeddable":true,"href":"https:\/\/www.radiofiskars.fi\/wordpress\/wp-json\/wp\/v2\/comments?post=8409"}],"version-history":[{"count":1,"href":"https:\/\/www.radiofiskars.fi\/wordpress\/wp-json\/wp\/v2\/posts\/8409\/revisions"}],"predecessor-version":[{"id":8410,"href":"https:\/\/www.radiofiskars.fi\/wordpress\/wp-json\/wp\/v2\/posts\/8409\/revisions\/8410"}],"wp:attachment":[{"href":"https:\/\/www.radiofiskars.fi\/wordpress\/wp-json\/wp\/v2\/media?parent=8409"}],"wp:term":[{"taxonomy":"category","embeddable":true,"href":"https:\/\/www.radiofiskars.fi\/wordpress\/wp-json\/wp\/v2\/categories?post=8409"},{"taxonomy":"post_tag","embeddable":true,"href":"https:\/\/www.radiofiskars.fi\/wordpress\/wp-json\/wp\/v2\/tags?post=8409"}],"curies":[{"name":"wp","href":"https:\/\/api.w.org\/{rel}","templated":true}]}}