{"id":8537,"date":"2024-03-23T18:59:03","date_gmt":"2024-03-23T16:59:03","guid":{"rendered":"https:\/\/www.radiofiskars.fi\/wordpress\/?p=8537"},"modified":"2025-01-07T15:04:59","modified_gmt":"2025-01-07T13:04:59","slug":"100-rauhankynttilaa-tulivalo-tapahtuma-musiikkiteos-1918","status":"publish","type":"post","link":"https:\/\/www.radiofiskars.fi\/wordpress\/2024\/03\/100-rauhankynttilaa-tulivalo-tapahtuma-musiikkiteos-1918\/","title":{"rendered":"100 rauhankynttil\u00e4\u00e4 TuliValo -tapahtuma, musiikkiteos 1918"},"content":{"rendered":"\n<p><strong>P\u00e4ivi Alajuntti&nbsp;<\/strong>sek\u00e4 ty\u00f6ryhm\u00e4&nbsp;<strong>Olli<\/strong>&nbsp;<strong>Kari<\/strong>,<strong>&nbsp;Maija Mustonen<\/strong>&nbsp;ja<strong>&nbsp;Pia Nieminen<\/strong>&nbsp;ovat suunnitelleet ja toteuttaneet&nbsp;yhteis\u00f6llisen&nbsp;<em>100 rauhankynttil\u00e4\u00e4&nbsp;<\/em>-teoksen, joka&nbsp;raottaa pimeyden ja hiljaisuuden verhoa valon ja toivon n\u00e4k\u00f6kulmasta. Teokseen on osallistunut yhteens\u00e4 noin sata 3\u20136 luokkalaista lasta opettajineen Fiskarsin l\u00e4hialueilta.<\/p>\n\n\n\n<p>Teoksen nimi viittaa vuonna 1918 k\u00e4ytyyn sis\u00e4llissotaan, jonka paikallisena n\u00e4ytt\u00e4m\u00f6n\u00e4 oli Tammisaaren punavankileiri. Lasten kirjoittamat toiveet rauhasta, sen s\u00e4ilymisest\u00e4 tai palauttamisesta sotaa k\u00e4yville alueille sek\u00e4 100 kynttil\u00e4\u00e4 ovat esill\u00e4 Fiskarsissa&nbsp;<em>Kuparipajan Mustan Salin<\/em>&nbsp;n\u00e4yttelyss\u00e4, joka on avoinna ke-su klo 12\u201321. Toiveet muistuttavat p\u00e4ivitt\u00e4isten rauhantekojen t\u00e4rkeydest\u00e4.<\/p>\n\n\n\n<p><em>Lauantaina 1.12.2018 klo 17<\/em>&nbsp;j\u00e4rjestet\u00e4\u00e4n kynttil\u00e4esitys&nbsp;<em>Mustassa Salissa<\/em>. Lasten kirjoittamat toiveet saavat t\u00e4rke\u00e4n sijan esityst\u00e4 varten s\u00e4velletyss\u00e4 musiikissa.&nbsp;<em>100 rauhankynttil\u00e4\u00e4<\/em>kutsuu meit\u00e4 kaikkia avaamaan syd\u00e4memme rakkaudelle, valolle ja rauhalle.<\/p>\n\n\n\n<p>Satap\u00e4inen yleis\u00f6 osallistui rauhan kulkueeseen fiskarilaisten koululaisten&nbsp;<strong>Malla Lintervon<\/strong>&nbsp;&amp;&nbsp;<strong>Olga Yli-Tepsan<\/strong>johdattelemina, ja&nbsp;<strong>Oliver Alatalo<\/strong>&nbsp;luotsasi esityst\u00e4&nbsp;\u00e4\u00e4nitarkkailijan roolissa. Toisen osan aikana yleis\u00f6 kirjoitti omat rauhan toiveensa.&nbsp;<strong>Olli Karin<\/strong>&nbsp;s\u00e4velt\u00e4m\u00e4 musiikkiteos&nbsp;<em>1918<\/em>&nbsp;kaikui vahvana ja vaikuttavana&nbsp;<em>Mustassa Salissa<\/em>.<\/p>\n\n\n\n<p>Ohjelma julkaistiin 16.11.2018<\/p>\n<div class=\"powerpress_player\" id=\"powerpress_player_9184\"><audio class=\"wp-audio-shortcode\" id=\"audio-8537-1\" preload=\"none\" style=\"width: 100%;\" controls=\"controls\"><source type=\"audio\/mpeg\" src=\"https:\/\/www.radiofiskars.fi\/wp-content\/uploads\/2019\/01\/1918-mix3.0.mp3?_=1\" \/><a href=\"https:\/\/www.radiofiskars.fi\/wp-content\/uploads\/2019\/01\/1918-mix3.0.mp3\">https:\/\/www.radiofiskars.fi\/wp-content\/uploads\/2019\/01\/1918-mix3.0.mp3<\/a><\/audio><\/div><p class=\"powerpress_links powerpress_links_mp3\" style=\"margin-bottom: 1px !important;\">Podcast: <a href=\"https:\/\/www.radiofiskars.fi\/wp-content\/uploads\/2019\/01\/1918-mix3.0.mp3\" class=\"powerpress_link_pinw\" target=\"_blank\" title=\"Play in new window\" onclick=\"return powerpress_pinw('https:\/\/www.radiofiskars.fi\/wordpress\/?powerpress_pinw=8537-podcast');\" rel=\"nofollow\">Play in new window<\/a><\/p><!--powerpress_player-->","protected":false},"excerpt":{"rendered":"<p>P\u00e4ivi Alajuntti&nbsp;sek\u00e4 ty\u00f6ryhm\u00e4&nbsp;Olli&nbsp;Kari,&nbsp;Maija Mustonen&nbsp;ja&nbsp;Pia Nieminen&nbsp;ovat suunnitelleet ja toteuttaneet&nbsp;yhteis\u00f6llisen&nbsp;100 rauhankynttil\u00e4\u00e4&nbsp;-teoksen, joka&nbsp;raottaa pimeyden ja hiljaisuuden verhoa valon ja toivon n\u00e4k\u00f6kulmasta. Teokseen on osallistunut yhteens\u00e4 noin sata 3\u20136 luokkalaista lasta opettajineen Fiskarsin l\u00e4hialueilta. Teoksen nimi viittaa vuonna 1918 k\u00e4ytyyn sis\u00e4llissotaan, jonka paikallisena n\u00e4ytt\u00e4m\u00f6n\u00e4 oli Tammisaaren punavankileiri. Lasten kirjoittamat toiveet rauhasta, sen s\u00e4ilymisest\u00e4 tai palauttamisesta sotaa k\u00e4yville alueille sek\u00e4 &hellip; <a href=\"https:\/\/www.radiofiskars.fi\/wordpress\/2024\/03\/100-rauhankynttilaa-tulivalo-tapahtuma-musiikkiteos-1918\/\" class=\"more-link\">Jatka lukemista <span class=\"screen-reader-text\">100 rauhankynttil\u00e4\u00e4 TuliValo -tapahtuma, musiikkiteos 1918<\/span> <span class=\"meta-nav\">&rarr;<\/span><\/a><\/p>\n","protected":false},"author":2,"featured_media":0,"comment_status":"closed","ping_status":"closed","sticky":false,"template":"","format":"standard","meta":{"footnotes":""},"categories":[51],"tags":[643,147,1038,1270],"class_list":["post-8537","post","type-post","status-publish","format-standard","hentry","category-tapahtumataltioinnit","tag-maija-mustonen","tag-olli-kari","tag-paivi-alajuntti","tag-pia-nieminen"],"_links":{"self":[{"href":"https:\/\/www.radiofiskars.fi\/wordpress\/wp-json\/wp\/v2\/posts\/8537","targetHints":{"allow":["GET"]}}],"collection":[{"href":"https:\/\/www.radiofiskars.fi\/wordpress\/wp-json\/wp\/v2\/posts"}],"about":[{"href":"https:\/\/www.radiofiskars.fi\/wordpress\/wp-json\/wp\/v2\/types\/post"}],"author":[{"embeddable":true,"href":"https:\/\/www.radiofiskars.fi\/wordpress\/wp-json\/wp\/v2\/users\/2"}],"replies":[{"embeddable":true,"href":"https:\/\/www.radiofiskars.fi\/wordpress\/wp-json\/wp\/v2\/comments?post=8537"}],"version-history":[{"count":2,"href":"https:\/\/www.radiofiskars.fi\/wordpress\/wp-json\/wp\/v2\/posts\/8537\/revisions"}],"predecessor-version":[{"id":8539,"href":"https:\/\/www.radiofiskars.fi\/wordpress\/wp-json\/wp\/v2\/posts\/8537\/revisions\/8539"}],"wp:attachment":[{"href":"https:\/\/www.radiofiskars.fi\/wordpress\/wp-json\/wp\/v2\/media?parent=8537"}],"wp:term":[{"taxonomy":"category","embeddable":true,"href":"https:\/\/www.radiofiskars.fi\/wordpress\/wp-json\/wp\/v2\/categories?post=8537"},{"taxonomy":"post_tag","embeddable":true,"href":"https:\/\/www.radiofiskars.fi\/wordpress\/wp-json\/wp\/v2\/tags?post=8537"}],"curies":[{"name":"wp","href":"https:\/\/api.w.org\/{rel}","templated":true}]}}