{"id":8541,"date":"2024-03-23T19:10:46","date_gmt":"2024-03-23T17:10:46","guid":{"rendered":"https:\/\/www.radiofiskars.fi\/wordpress\/?p=8541"},"modified":"2025-01-07T15:04:58","modified_gmt":"2025-01-07T13:04:58","slug":"about-clay-karin-widnas","status":"publish","type":"post","link":"https:\/\/www.radiofiskars.fi\/wordpress\/2024\/03\/about-clay-karin-widnas\/","title":{"rendered":"ABOUT CLAY: Karin Widn\u00e4s"},"content":{"rendered":"\n<p>Fiskarsin kes\u00e4n\u00e4yttelyn oppaat&nbsp;<strong>Henni Heino<\/strong>&nbsp;ja&nbsp;<strong>Pia \u00d6sterman<\/strong>&nbsp;haastattelevat n\u00e4yttelyyn osallistuneita taiteilijoita ja kysyv\u00e4t muun muassa miten taiteilijat itse luonnehtivat n\u00e4yttelyss\u00e4 olevia teoksiaan.<\/p>\n\n\n\n<p>Fiskarsiin jo 1990-luvulla asettunut keramiikkataiteilija\u00a0<strong>Karin Widn\u00e4s<\/strong>\u00a0kertoo ty\u00f6skentelyst\u00e4\u00e4n, taiteestaan sek\u00e4 tekeill\u00e4 olevasta studiokeramiikan museostaan.<\/p>\n\n\n\n<p>Ohjelma julkaistu 30.6.2018<\/p>\n<div class=\"powerpress_player\" id=\"powerpress_player_5861\"><audio class=\"wp-audio-shortcode\" id=\"audio-8541-1\" preload=\"none\" style=\"width: 100%;\" controls=\"controls\"><source type=\"audio\/mpeg\" src=\"https:\/\/www.radiofiskars.fi\/wp-content\/uploads\/2018\/06\/unknown-Karin-Widnas-about-clay-w-320kbps.mp3?_=1\" \/><a href=\"https:\/\/www.radiofiskars.fi\/wp-content\/uploads\/2018\/06\/unknown-Karin-Widnas-about-clay-w-320kbps.mp3\">https:\/\/www.radiofiskars.fi\/wp-content\/uploads\/2018\/06\/unknown-Karin-Widnas-about-clay-w-320kbps.mp3<\/a><\/audio><\/div><p class=\"powerpress_links powerpress_links_mp3\" style=\"margin-bottom: 1px !important;\">Podcast: <a href=\"https:\/\/www.radiofiskars.fi\/wp-content\/uploads\/2018\/06\/unknown-Karin-Widnas-about-clay-w-320kbps.mp3\" class=\"powerpress_link_pinw\" target=\"_blank\" title=\"Play in new window\" onclick=\"return powerpress_pinw('https:\/\/www.radiofiskars.fi\/wordpress\/?powerpress_pinw=8541-podcast');\" rel=\"nofollow\">Play in new window<\/a><\/p><!--powerpress_player-->","protected":false},"excerpt":{"rendered":"<p>Fiskarsin kes\u00e4n\u00e4yttelyn oppaat&nbsp;Henni Heino&nbsp;ja&nbsp;Pia \u00d6sterman&nbsp;haastattelevat n\u00e4yttelyyn osallistuneita taiteilijoita ja kysyv\u00e4t muun muassa miten taiteilijat itse luonnehtivat n\u00e4yttelyss\u00e4 olevia teoksiaan. Fiskarsiin jo 1990-luvulla asettunut keramiikkataiteilija\u00a0Karin Widn\u00e4s\u00a0kertoo ty\u00f6skentelyst\u00e4\u00e4n, taiteestaan sek\u00e4 tekeill\u00e4 olevasta studiokeramiikan museostaan. Ohjelma julkaistu 30.6.2018 https:\/\/www.radiofiskars.fi\/wp-content\/uploads\/2018\/06\/unknown-Karin-Widnas-about-clay-w-320kbps.mp3 Podcast: Play in new window<\/p>\n","protected":false},"author":2,"featured_media":0,"comment_status":"closed","ping_status":"closed","sticky":false,"template":"","format":"standard","meta":{"footnotes":""},"categories":[51],"tags":[1307,266,1308],"class_list":["post-8541","post","type-post","status-publish","format-standard","hentry","category-tapahtumataltioinnit","tag-henni-heino","tag-karin-widnas","tag-pia-osterman"],"_links":{"self":[{"href":"https:\/\/www.radiofiskars.fi\/wordpress\/wp-json\/wp\/v2\/posts\/8541","targetHints":{"allow":["GET"]}}],"collection":[{"href":"https:\/\/www.radiofiskars.fi\/wordpress\/wp-json\/wp\/v2\/posts"}],"about":[{"href":"https:\/\/www.radiofiskars.fi\/wordpress\/wp-json\/wp\/v2\/types\/post"}],"author":[{"embeddable":true,"href":"https:\/\/www.radiofiskars.fi\/wordpress\/wp-json\/wp\/v2\/users\/2"}],"replies":[{"embeddable":true,"href":"https:\/\/www.radiofiskars.fi\/wordpress\/wp-json\/wp\/v2\/comments?post=8541"}],"version-history":[{"count":3,"href":"https:\/\/www.radiofiskars.fi\/wordpress\/wp-json\/wp\/v2\/posts\/8541\/revisions"}],"predecessor-version":[{"id":8547,"href":"https:\/\/www.radiofiskars.fi\/wordpress\/wp-json\/wp\/v2\/posts\/8541\/revisions\/8547"}],"wp:attachment":[{"href":"https:\/\/www.radiofiskars.fi\/wordpress\/wp-json\/wp\/v2\/media?parent=8541"}],"wp:term":[{"taxonomy":"category","embeddable":true,"href":"https:\/\/www.radiofiskars.fi\/wordpress\/wp-json\/wp\/v2\/categories?post=8541"},{"taxonomy":"post_tag","embeddable":true,"href":"https:\/\/www.radiofiskars.fi\/wordpress\/wp-json\/wp\/v2\/tags?post=8541"}],"curies":[{"name":"wp","href":"https:\/\/api.w.org\/{rel}","templated":true}]}}