{"id":8600,"date":"2024-04-17T13:16:03","date_gmt":"2024-04-17T10:16:03","guid":{"rendered":"https:\/\/www.radiofiskars.fi\/wordpress\/?p=8600"},"modified":"2025-01-07T15:05:07","modified_gmt":"2025-01-07T13:05:07","slug":"tere-vaden-fossiilikapitalismin-nykytilasta","status":"publish","type":"post","link":"https:\/\/www.radiofiskars.fi\/wordpress\/2024\/04\/tere-vaden-fossiilikapitalismin-nykytilasta\/","title":{"rendered":"Tere Vad\u00e9n: Fossiilikapitalismin nykytilasta"},"content":{"rendered":"\n<p>AJATTELU ON ILMAISTA \u2013 DET KOSTAR INT\u2019 ATT T\u00c4NKA\u00a0<\/p>\n\n\n\n<p>&#8221;Suomen nykyinen hallitus uskottelee meille, ett\u00e4 kalliita ovat sivistyksen lunnaat, mutta me taas luotamme t\u00e4\u00e4ll\u00e4 siihen, ett\u00e4 ajattelu on ilmaista.&#8221;<\/p>\n\n\n\n<p>T\u00e4ysi salillinen yleis\u00f6\u00e4 ker\u00e4\u00e4ntyi 5.4.2024 Fiskarsin ravintola Kuparipajassa j\u00e4rjestettyyn Ajattelu on ilmaista -tapahtumaan. Illan odotettu puhuja filosofi <strong>Tere Vad\u00e9n<\/strong> luennoi  &#8221;Fossiilikapitalismin nykytilasta&#8221;, mink\u00e4 j\u00e4lkeen yleis\u00f6 osallistui keskusteluun. Illan juonsi <strong>J. K. Ihalainen<\/strong>.<\/p>\n\n\n\n<p><strong><br><\/strong>Tere Vad\u00e9n&nbsp;(s. 1969) on suomalainen filosofi, jonka teokset k\u00e4sittelev\u00e4t useita nykyfilosofian kysymyksi\u00e4 kognitiotieteest\u00e4&nbsp;ja teko\u00e4lyn tutkimuksesta taiteenfilosofiaan ja yhteiskuntateoriaan.&nbsp;Vad\u00e9n on Tampereen yliopiston teoreettisen filosofian ja Lapin yliopiston kasvatustieteiden tiedekunnan&nbsp;kognitiotieteen filosofian dosentti, ja h\u00e4n&nbsp;ty\u00f6skentelee monitieteisess\u00e4 BIOS-tutkimusyksik\u00f6ss\u00e4. Vad\u00e9n on julkaissut useita teoksia, joissa h\u00e4n k\u00e4sittelee nykyfilosofian kysymyksi\u00e4.&nbsp;<\/p>\n\n\n\n<figure class=\"wp-block-gallery has-nested-images columns-default is-cropped wp-block-gallery-1 is-layout-flex wp-block-gallery-is-layout-flex\">\n<figure class=\"wp-block-image size-large\"><a href=\"https:\/\/www.radiofiskars.fi\/wp-content\/uploads\/2024\/04\/Kooste_pieni.jpg\"><img loading=\"lazy\" decoding=\"async\" width=\"634\" height=\"355\" data-id=\"8612\" src=\"https:\/\/www.radiofiskars.fi\/wp-content\/uploads\/2024\/04\/Kooste_pieni.jpg\" alt=\"\" class=\"wp-image-8612\" srcset=\"https:\/\/www.radiofiskars.fi\/wp-content\/uploads\/2024\/04\/Kooste_pieni.jpg 634w, https:\/\/www.radiofiskars.fi\/wp-content\/uploads\/2024\/04\/Kooste_pieni-300x168.jpg 300w\" sizes=\"auto, (max-width: 634px) 100vw, 634px\" \/><\/a><figcaption class=\"wp-element-caption\">Screenshot<\/figcaption><\/figure>\n<\/figure>\n\n\n\n<p>Vuonna 2024 ilmestyi Vad\u00e9nilta ja&nbsp;<strong>Antti Salmiselta<\/strong>&nbsp;teos&nbsp;<em>Merkitys ja ala-aine<\/em>&nbsp;(niin &amp; n\u00e4in):&nbsp;<\/p>\n\n\n\n<p>\u201dJyrk\u00e4nteell\u00e4, jota voidaan kutsua fossiilikapitalismin lopuksi, elon mieli virttyy ja merkitys pakenee. V\u00e4linpit\u00e4m\u00e4t\u00f6nt\u00e4 voimaa aikansa k\u00e4ytt\u00e4nyt ihmisyys saattaa havahtua hukattuaan elonkirjon ja sen tulevaisuuden muassa sielunsa ja kykyns\u00e4 ylipolvisesti v\u00e4litt\u00e4v\u00e4\u00e4n el\u00e4m\u00e4\u00e4n.<\/p>\n\n\n\n<p>Jos moderni k\u00e4sitys energiasta teki ty\u00f6t\u00e4 elollisen ja elottoman tahalliseksi ja tahattomaksi kadoksi, miten saattaa t\u00e4t\u00e4 tuho- ja luomiskykyist\u00e4 energiaa merkityksellistymisen avuksi? Mist\u00e4 varmuuksista on luovuttava ja mihin opittava luottamaan?<\/p>\n\n\n\n<p><em>Merkitys ja ala-aine<\/em>&nbsp;p\u00e4\u00e4tt\u00e4\u00e4 Salmisen ja Vad\u00e9nin uraauurtavan energia-trilogian avaamalla kysymyksen merkitysenergiasta ja sen aineellisista juurista. Fossiilikapitalismin ja -subjektin ohittajaksi teos ehdottaa elollisen yhteytens\u00e4 tunnistavaa sielukkuutta.\u201d<\/p>\n\n\n<div class=\"wp-block-image\">\n<figure class=\"aligncenter size-large is-resized\"><a href=\"https:\/\/www.radiofiskars.fi\/wp-content\/uploads\/2024\/03\/Ilmaista_juliste.jpg\"><img loading=\"lazy\" decoding=\"async\" width=\"722\" height=\"1024\" src=\"https:\/\/www.radiofiskars.fi\/wp-content\/uploads\/2024\/03\/Ilmaista_juliste-722x1024.jpg\" alt=\"\" class=\"wp-image-8580\" style=\"width:320px;height:auto\" srcset=\"https:\/\/www.radiofiskars.fi\/wp-content\/uploads\/2024\/03\/Ilmaista_juliste-722x1024.jpg 722w, https:\/\/www.radiofiskars.fi\/wp-content\/uploads\/2024\/03\/Ilmaista_juliste-212x300.jpg 212w, https:\/\/www.radiofiskars.fi\/wp-content\/uploads\/2024\/03\/Ilmaista_juliste-768x1089.jpg 768w, https:\/\/www.radiofiskars.fi\/wp-content\/uploads\/2024\/03\/Ilmaista_juliste-1083x1536.jpg 1083w, https:\/\/www.radiofiskars.fi\/wp-content\/uploads\/2024\/03\/Ilmaista_juliste.jpg 1278w\" sizes=\"auto, (max-width: 722px) 100vw, 722px\" \/><\/a><\/figure>\n<\/div>\n\n\n<p>Kirjoittajilta on trilogiassa aikaisemmin ilmestyneet&nbsp;<em><a href=\"https:\/\/netn.fi\/fi\/julkaisu\/energia-ja-kokemus\" target=\"_blank\" rel=\"noreferrer noopener\">Energia ja kokemus<\/a><\/em>&nbsp;(2013) sek\u00e4&nbsp;<a href=\"https:\/\/netn.fi\/fi\/kirjat\/elo-ja-anergia\" target=\"_blank\" rel=\"noreferrer noopener\"><em>Elo ja anergia<\/em><\/a>&nbsp;(2018).<\/p>\n\n\n\n<p>Kuuntele my\u00f6s Elonkeh\u00e4n podcast, miss\u00e4 toimittaja Simo H\u00e4kli haastattelee Vad\u00e9nia ja Salmista <a href=\"https:\/\/www.radiofiskars.fi\/wp-content\/uploads\/2024\/04\/elonkeha-podcast-jalkifossiilisia-pohdintoja-energiasta-ja-kokemuksesta.mp3\">https:\/\/www.radiofiskars.fi\/wp-content\/uploads\/2024\/04\/elonkeha-podcast-jalkifossiilisia-pohdintoja-energiasta-ja-kokemuksesta.mp3<\/a><\/p>\n\n\n\n<p>Tutustu my\u00f6s aiempiin Ajattelu on ilmaista -iltojen luentoihin osoitteessa&nbsp;<a href=\"https:\/\/www.radiofiskars.fi\/wordpress\/category\/ajattelu-on-ilmaista\">https:\/\/www.radiofiskars.fi\/wordpress\/category\/ajattelu-on-ilmaista<\/a><\/p>\n\n\n\n<p>Tapahtumaa seuraavana aamuna Helsingin Sanomat julkaisi Salmisen ja Vad\u00e9nin haastattelun &#8221;ILMASTONMUUTOS on kaikkien aikojen vahinko&#8221;, Pekka Torvinen.<\/p>\n<div class=\"powerpress_player\" id=\"powerpress_player_6021\"><audio class=\"wp-audio-shortcode\" id=\"audio-8600-1\" preload=\"none\" style=\"width: 100%;\" controls=\"controls\"><source type=\"audio\/mpeg\" src=\"https:\/\/www.radiofiskars.fi\/wp-content\/uploads\/2024\/04\/Tere-Vaden-Fossiilikapitalismin-nykytilasta.mp3?_=1\" \/><a href=\"https:\/\/www.radiofiskars.fi\/wp-content\/uploads\/2024\/04\/Tere-Vaden-Fossiilikapitalismin-nykytilasta.mp3\">https:\/\/www.radiofiskars.fi\/wp-content\/uploads\/2024\/04\/Tere-Vaden-Fossiilikapitalismin-nykytilasta.mp3<\/a><\/audio><\/div><p class=\"powerpress_links powerpress_links_mp3\" style=\"margin-bottom: 1px !important;\">Podcast: <a href=\"https:\/\/www.radiofiskars.fi\/wp-content\/uploads\/2024\/04\/Tere-Vaden-Fossiilikapitalismin-nykytilasta.mp3\" class=\"powerpress_link_pinw\" target=\"_blank\" title=\"Play in new window\" onclick=\"return powerpress_pinw('https:\/\/www.radiofiskars.fi\/wordpress\/?powerpress_pinw=8600-podcast');\" rel=\"nofollow\">Play in new window<\/a><\/p><!--powerpress_player-->","protected":false},"excerpt":{"rendered":"<p>AJATTELU ON ILMAISTA \u2013 DET KOSTAR INT\u2019 ATT T\u00c4NKA\u00a0 &#8221;Suomen nykyinen hallitus uskottelee meille, ett\u00e4 kalliita ovat sivistyksen lunnaat, mutta me taas luotamme t\u00e4\u00e4ll\u00e4 siihen, ett\u00e4 ajattelu on ilmaista.&#8221; T\u00e4ysi salillinen yleis\u00f6\u00e4 ker\u00e4\u00e4ntyi 5.4.2024 Fiskarsin ravintola Kuparipajassa j\u00e4rjestettyyn Ajattelu on ilmaista -tapahtumaan. Illan odotettu puhuja filosofi Tere Vad\u00e9n luennoi &#8221;Fossiilikapitalismin nykytilasta&#8221;, mink\u00e4 j\u00e4lkeen yleis\u00f6 osallistui &hellip; <a href=\"https:\/\/www.radiofiskars.fi\/wordpress\/2024\/04\/tere-vaden-fossiilikapitalismin-nykytilasta\/\" class=\"more-link\">Jatka lukemista <span class=\"screen-reader-text\">Tere Vad\u00e9n: Fossiilikapitalismin nykytilasta<\/span> <span class=\"meta-nav\">&rarr;<\/span><\/a><\/p>\n","protected":false},"author":2,"featured_media":0,"comment_status":"closed","ping_status":"closed","sticky":false,"template":"","format":"standard","meta":{"footnotes":""},"categories":[2],"tags":[230,1319,1318],"class_list":["post-8600","post","type-post","status-publish","format-standard","hentry","category-ajattelu-on-ilmaista","tag-ajattelu-on-ilmaista","tag-fossiilikapitalismi","tag-tere-vaden"],"_links":{"self":[{"href":"https:\/\/www.radiofiskars.fi\/wordpress\/wp-json\/wp\/v2\/posts\/8600","targetHints":{"allow":["GET"]}}],"collection":[{"href":"https:\/\/www.radiofiskars.fi\/wordpress\/wp-json\/wp\/v2\/posts"}],"about":[{"href":"https:\/\/www.radiofiskars.fi\/wordpress\/wp-json\/wp\/v2\/types\/post"}],"author":[{"embeddable":true,"href":"https:\/\/www.radiofiskars.fi\/wordpress\/wp-json\/wp\/v2\/users\/2"}],"replies":[{"embeddable":true,"href":"https:\/\/www.radiofiskars.fi\/wordpress\/wp-json\/wp\/v2\/comments?post=8600"}],"version-history":[{"count":14,"href":"https:\/\/www.radiofiskars.fi\/wordpress\/wp-json\/wp\/v2\/posts\/8600\/revisions"}],"predecessor-version":[{"id":8619,"href":"https:\/\/www.radiofiskars.fi\/wordpress\/wp-json\/wp\/v2\/posts\/8600\/revisions\/8619"}],"wp:attachment":[{"href":"https:\/\/www.radiofiskars.fi\/wordpress\/wp-json\/wp\/v2\/media?parent=8600"}],"wp:term":[{"taxonomy":"category","embeddable":true,"href":"https:\/\/www.radiofiskars.fi\/wordpress\/wp-json\/wp\/v2\/categories?post=8600"},{"taxonomy":"post_tag","embeddable":true,"href":"https:\/\/www.radiofiskars.fi\/wordpress\/wp-json\/wp\/v2\/tags?post=8600"}],"curies":[{"name":"wp","href":"https:\/\/api.w.org\/{rel}","templated":true}]}}