{"id":8698,"date":"2024-05-23T10:59:43","date_gmt":"2024-05-23T07:59:43","guid":{"rendered":"https:\/\/www.radiofiskars.fi\/wordpress\/?p=8698"},"modified":"2025-01-07T15:04:59","modified_gmt":"2025-01-07T13:04:59","slug":"kwum-kesa-2024-kuraattorikierros","status":"publish","type":"post","link":"https:\/\/www.radiofiskars.fi\/wordpress\/2024\/05\/kwum-kesa-2024-kuraattorikierros\/","title":{"rendered":"KWUM \u2013 kes\u00e4 2024 kuraattorikierros"},"content":{"rendered":"\n<p>Karin Widn\u00e4sin kuraattorikierros <em>KWUM<\/em>-museon kes\u00e4n 2024 n\u00e4yttelyst\u00e4.<\/p>\n\n\n\n<figure class=\"wp-block-gallery has-nested-images columns-default is-cropped wp-block-gallery-1 is-layout-flex wp-block-gallery-is-layout-flex\">\n<figure class=\"wp-block-image size-large\"><a href=\"https:\/\/www.radiofiskars.fi\/wp-content\/uploads\/2024\/05\/20.jpg\"><img loading=\"lazy\" decoding=\"async\" width=\"479\" height=\"461\" data-id=\"8695\" src=\"https:\/\/www.radiofiskars.fi\/wp-content\/uploads\/2024\/05\/20.jpg\" alt=\"\" class=\"wp-image-8695\" srcset=\"https:\/\/www.radiofiskars.fi\/wp-content\/uploads\/2024\/05\/20.jpg 479w, https:\/\/www.radiofiskars.fi\/wp-content\/uploads\/2024\/05\/20-300x289.jpg 300w\" sizes=\"auto, (max-width: 479px) 100vw, 479px\" \/><\/a><\/figure>\n\n\n\n<figure class=\"wp-block-image size-large\"><a href=\"https:\/\/www.radiofiskars.fi\/wp-content\/uploads\/2024\/05\/7.jpg\"><img loading=\"lazy\" decoding=\"async\" width=\"480\" height=\"640\" data-id=\"8682\" src=\"https:\/\/www.radiofiskars.fi\/wp-content\/uploads\/2024\/05\/7.jpg\" alt=\"\" class=\"wp-image-8682\" srcset=\"https:\/\/www.radiofiskars.fi\/wp-content\/uploads\/2024\/05\/7.jpg 480w, https:\/\/www.radiofiskars.fi\/wp-content\/uploads\/2024\/05\/7-225x300.jpg 225w\" sizes=\"auto, (max-width: 480px) 100vw, 480px\" \/><\/a><\/figure>\n\n\n\n<figure class=\"wp-block-image size-large\"><a href=\"https:\/\/www.radiofiskars.fi\/wp-content\/uploads\/2024\/05\/21.jpg\"><img loading=\"lazy\" decoding=\"async\" width=\"480\" height=\"640\" data-id=\"8696\" src=\"https:\/\/www.radiofiskars.fi\/wp-content\/uploads\/2024\/05\/21.jpg\" alt=\"\" class=\"wp-image-8696\" srcset=\"https:\/\/www.radiofiskars.fi\/wp-content\/uploads\/2024\/05\/21.jpg 480w, https:\/\/www.radiofiskars.fi\/wp-content\/uploads\/2024\/05\/21-225x300.jpg 225w\" sizes=\"auto, (max-width: 480px) 100vw, 480px\" \/><\/a><\/figure>\n<\/figure>\n\n\n\n<p>Jo kuudetta vuotta Fiskarsissa toimivan <em>KWUM<\/em>-museon alakerrassa n\u00e4yttely vie k\u00e4vij\u00e4n toivesaarten, lasiveistosten ja kultaisen rakun maailmaan. Esill\u00e4 taiteilijaprofessori <strong>Bj\u00f6rn Weckstr\u00f6min<\/strong> (s.1935) teoksia.  Yhteisty\u00f6n tuloksena n\u00e4yttelyyn syntyiv\u00e4t  Weckstr\u00f6min suunnittelemat pienet veistokset yhdistettyn\u00e4 <strong>Karin Widn\u00e4sin<\/strong> muotoilemiin teoksiin \u2013 niiden valmistuksessa on k\u00e4ytetty Widn\u00e4sin kehitt\u00e4m\u00e4\u00e4 <em>GOLDEN RAKU<\/em> -tekniikkaa.&nbsp;<\/p>\n\n\n\n<p><\/p>\n\n\n\n<figure class=\"wp-block-gallery has-nested-images columns-default is-cropped wp-block-gallery-2 is-layout-flex wp-block-gallery-is-layout-flex\">\n<figure class=\"wp-block-image size-large\"><a href=\"https:\/\/www.radiofiskars.fi\/wp-content\/uploads\/2024\/05\/10.jpg\"><img loading=\"lazy\" decoding=\"async\" width=\"480\" height=\"640\" data-id=\"8685\" src=\"https:\/\/www.radiofiskars.fi\/wp-content\/uploads\/2024\/05\/10.jpg\" alt=\"\" class=\"wp-image-8685\" srcset=\"https:\/\/www.radiofiskars.fi\/wp-content\/uploads\/2024\/05\/10.jpg 480w, https:\/\/www.radiofiskars.fi\/wp-content\/uploads\/2024\/05\/10-225x300.jpg 225w\" sizes=\"auto, (max-width: 480px) 100vw, 480px\" \/><\/a><\/figure>\n\n\n\n<figure class=\"wp-block-image size-full\"><a href=\"https:\/\/www.radiofiskars.fi\/wp-content\/uploads\/2024\/05\/1.jpg\"><img loading=\"lazy\" decoding=\"async\" width=\"796\" height=\"801\" data-id=\"8676\" src=\"https:\/\/www.radiofiskars.fi\/wp-content\/uploads\/2024\/05\/1.jpg\" alt=\"\" class=\"wp-image-8676\" srcset=\"https:\/\/www.radiofiskars.fi\/wp-content\/uploads\/2024\/05\/1.jpg 796w, https:\/\/www.radiofiskars.fi\/wp-content\/uploads\/2024\/05\/1-298x300.jpg 298w, https:\/\/www.radiofiskars.fi\/wp-content\/uploads\/2024\/05\/1-150x150.jpg 150w, https:\/\/www.radiofiskars.fi\/wp-content\/uploads\/2024\/05\/1-768x773.jpg 768w\" sizes=\"auto, (max-width: 796px) 100vw, 796px\" \/><\/a><\/figure>\n\n\n\n<figure class=\"wp-block-image size-large\"><a href=\"https:\/\/www.radiofiskars.fi\/wp-content\/uploads\/2024\/05\/14.jpg\"><img loading=\"lazy\" decoding=\"async\" width=\"480\" height=\"640\" data-id=\"8689\" src=\"https:\/\/www.radiofiskars.fi\/wp-content\/uploads\/2024\/05\/14.jpg\" alt=\"\" class=\"wp-image-8689\" srcset=\"https:\/\/www.radiofiskars.fi\/wp-content\/uploads\/2024\/05\/14.jpg 480w, https:\/\/www.radiofiskars.fi\/wp-content\/uploads\/2024\/05\/14-225x300.jpg 225w\" sizes=\"auto, (max-width: 480px) 100vw, 480px\" \/><\/a><\/figure>\n<\/figure>\n\n\n\n<p>Museon yl\u00e4kerrassa on esill\u00e4 sadoittain <em>Kupittaan Saven<\/em> tuotantoa.&nbsp;&nbsp;Esill\u00e4 olevat teokset kuuluvat <strong>Aulikki Vaha-Niemel\u00e4n<\/strong> ja<strong> Jukka Niemel\u00e4n<\/strong> kokoelmaan. <\/p>\n\n\n\n<p>Kupittaan tehdas toimi vuosina 1921\u20131969. Sen tuottamat kansanomaiset hahmot ja heid\u00e4n arkensa tulivat suomalaisille tutuiksi. Viel\u00e4 t\u00e4n\u00e4\u00e4n ne ovat kirpputorien vetonaula. Kuten n\u00e4yttelyss\u00e4 n\u00e4kee, herttaisten koriste-esineiden ohella Kupittaan Savi tarjosi ty\u00f6tilaisuuksia aikansa huomattavimmille taiteilijoille, kuten <strong>Heidi Blomstedt, V\u00e4in\u00f6 Aaltonen <\/strong>ja<strong> Valentina Modig-Manuel<\/strong>.<\/p>\n\n\n\n<figure class=\"wp-block-gallery has-nested-images columns-default is-cropped wp-block-gallery-3 is-layout-flex wp-block-gallery-is-layout-flex\">\n<figure class=\"wp-block-image size-large\"><a href=\"https:\/\/www.radiofiskars.fi\/wp-content\/uploads\/2024\/05\/17.jpg\"><img loading=\"lazy\" decoding=\"async\" width=\"479\" height=\"416\" data-id=\"8692\" src=\"https:\/\/www.radiofiskars.fi\/wp-content\/uploads\/2024\/05\/17.jpg\" alt=\"\" class=\"wp-image-8692\" srcset=\"https:\/\/www.radiofiskars.fi\/wp-content\/uploads\/2024\/05\/17.jpg 479w, https:\/\/www.radiofiskars.fi\/wp-content\/uploads\/2024\/05\/17-300x261.jpg 300w\" sizes=\"auto, (max-width: 479px) 100vw, 479px\" \/><\/a><\/figure>\n\n\n\n<figure class=\"wp-block-image size-large\"><a href=\"https:\/\/www.radiofiskars.fi\/wp-content\/uploads\/2024\/05\/9.jpg\"><img loading=\"lazy\" decoding=\"async\" width=\"480\" height=\"640\" data-id=\"8684\" src=\"https:\/\/www.radiofiskars.fi\/wp-content\/uploads\/2024\/05\/9.jpg\" alt=\"\" class=\"wp-image-8684\" srcset=\"https:\/\/www.radiofiskars.fi\/wp-content\/uploads\/2024\/05\/9.jpg 480w, https:\/\/www.radiofiskars.fi\/wp-content\/uploads\/2024\/05\/9-225x300.jpg 225w\" sizes=\"auto, (max-width: 480px) 100vw, 480px\" \/><\/a><\/figure>\n\n\n\n<figure class=\"wp-block-image size-large\"><a href=\"https:\/\/www.radiofiskars.fi\/wp-content\/uploads\/2024\/05\/18.jpg\"><img loading=\"lazy\" decoding=\"async\" width=\"480\" height=\"640\" data-id=\"8693\" src=\"https:\/\/www.radiofiskars.fi\/wp-content\/uploads\/2024\/05\/18.jpg\" alt=\"\" class=\"wp-image-8693\" srcset=\"https:\/\/www.radiofiskars.fi\/wp-content\/uploads\/2024\/05\/18.jpg 480w, https:\/\/www.radiofiskars.fi\/wp-content\/uploads\/2024\/05\/18-225x300.jpg 225w\" sizes=\"auto, (max-width: 480px) 100vw, 480px\" \/><\/a><\/figure>\n<\/figure>\n\n\n\n<p><strong>KWUMin KES\u00c4N\u00c4YTTELYT 19.5\u201329.9.2024&nbsp;<\/strong><\/p>\n\n\n\n<p>Avoinna 19.5\u201331.8.2024 klo. 12\u201317 p\u00e4ivitt\u00e4in&nbsp;<\/p>\n\n\n\n<p>1.9\u201329.9.2024 torstai\u2013sunnuntai klo. 12\u201317<\/p>\n\n\n\n<p>Lis\u00e4tietoja<strong>&nbsp;<\/strong> KWUM Baklurantie 12, Fiskars 050 5112232<\/p>\n\n\n\n<p>kwum.fi karinwidnas.fi<\/p>\n<div class=\"powerpress_player\" id=\"powerpress_player_5009\"><audio class=\"wp-audio-shortcode\" id=\"audio-8698-1\" preload=\"none\" style=\"width: 100%;\" controls=\"controls\"><source type=\"audio\/mpeg\" src=\"https:\/\/www.radiofiskars.fi\/wp-content\/uploads\/2024\/05\/KWUM-kuraattorikierros.mp3?_=1\" \/><a href=\"https:\/\/www.radiofiskars.fi\/wp-content\/uploads\/2024\/05\/KWUM-kuraattorikierros.mp3\">https:\/\/www.radiofiskars.fi\/wp-content\/uploads\/2024\/05\/KWUM-kuraattorikierros.mp3<\/a><\/audio><\/div><p class=\"powerpress_links powerpress_links_mp3\" style=\"margin-bottom: 1px !important;\">Podcast: <a href=\"https:\/\/www.radiofiskars.fi\/wp-content\/uploads\/2024\/05\/KWUM-kuraattorikierros.mp3\" class=\"powerpress_link_pinw\" target=\"_blank\" title=\"Play in new window\" onclick=\"return powerpress_pinw('https:\/\/www.radiofiskars.fi\/wordpress\/?powerpress_pinw=8698-podcast');\" rel=\"nofollow\">Play in new window<\/a><\/p><!--powerpress_player-->","protected":false},"excerpt":{"rendered":"<p>Karin Widn\u00e4sin kuraattorikierros KWUM-museon kes\u00e4n 2024 n\u00e4yttelyst\u00e4. Jo kuudetta vuotta Fiskarsissa toimivan KWUM-museon alakerrassa n\u00e4yttely vie k\u00e4vij\u00e4n toivesaarten, lasiveistosten ja kultaisen rakun maailmaan. Esill\u00e4 taiteilijaprofessori Bj\u00f6rn Weckstr\u00f6min (s.1935) teoksia. Yhteisty\u00f6n tuloksena n\u00e4yttelyyn syntyiv\u00e4t Weckstr\u00f6min suunnittelemat pienet veistokset yhdistettyn\u00e4 Karin Widn\u00e4sin muotoilemiin teoksiin \u2013 niiden valmistuksessa on k\u00e4ytetty Widn\u00e4sin kehitt\u00e4m\u00e4\u00e4 GOLDEN RAKU -tekniikkaa.&nbsp; Museon yl\u00e4kerrassa on &hellip; <a href=\"https:\/\/www.radiofiskars.fi\/wordpress\/2024\/05\/kwum-kesa-2024-kuraattorikierros\/\" class=\"more-link\">Jatka lukemista <span class=\"screen-reader-text\">KWUM \u2013 kes\u00e4 2024 kuraattorikierros<\/span> <span class=\"meta-nav\">&rarr;<\/span><\/a><\/p>\n","protected":false},"author":2,"featured_media":0,"comment_status":"closed","ping_status":"closed","sticky":false,"template":"","format":"standard","meta":{"footnotes":""},"categories":[51],"tags":[1334,266,1335,650,560],"class_list":["post-8698","post","type-post","status-publish","format-standard","hentry","category-tapahtumataltioinnit","tag-bjorn-weckstrom","tag-karin-widnas","tag-kupittaan-savi","tag-kuraattorikierros","tag-kwum"],"_links":{"self":[{"href":"https:\/\/www.radiofiskars.fi\/wordpress\/wp-json\/wp\/v2\/posts\/8698","targetHints":{"allow":["GET"]}}],"collection":[{"href":"https:\/\/www.radiofiskars.fi\/wordpress\/wp-json\/wp\/v2\/posts"}],"about":[{"href":"https:\/\/www.radiofiskars.fi\/wordpress\/wp-json\/wp\/v2\/types\/post"}],"author":[{"embeddable":true,"href":"https:\/\/www.radiofiskars.fi\/wordpress\/wp-json\/wp\/v2\/users\/2"}],"replies":[{"embeddable":true,"href":"https:\/\/www.radiofiskars.fi\/wordpress\/wp-json\/wp\/v2\/comments?post=8698"}],"version-history":[{"count":8,"href":"https:\/\/www.radiofiskars.fi\/wordpress\/wp-json\/wp\/v2\/posts\/8698\/revisions"}],"predecessor-version":[{"id":8706,"href":"https:\/\/www.radiofiskars.fi\/wordpress\/wp-json\/wp\/v2\/posts\/8698\/revisions\/8706"}],"wp:attachment":[{"href":"https:\/\/www.radiofiskars.fi\/wordpress\/wp-json\/wp\/v2\/media?parent=8698"}],"wp:term":[{"taxonomy":"category","embeddable":true,"href":"https:\/\/www.radiofiskars.fi\/wordpress\/wp-json\/wp\/v2\/categories?post=8698"},{"taxonomy":"post_tag","embeddable":true,"href":"https:\/\/www.radiofiskars.fi\/wordpress\/wp-json\/wp\/v2\/tags?post=8698"}],"curies":[{"name":"wp","href":"https:\/\/api.w.org\/{rel}","templated":true}]}}