{"id":8791,"date":"2024-07-05T10:17:13","date_gmt":"2024-07-05T07:17:13","guid":{"rendered":"https:\/\/www.radiofiskars.fi\/wordpress\/?p=8791"},"modified":"2025-01-07T15:04:53","modified_gmt":"2025-01-07T13:04:53","slug":"rosanna-fellman-suomenruotsalainen-kulttuurivaikuttaja-ja-runoilija","status":"publish","type":"post","link":"https:\/\/www.radiofiskars.fi\/wordpress\/2024\/07\/rosanna-fellman-suomenruotsalainen-kulttuurivaikuttaja-ja-runoilija\/","title":{"rendered":"Rosanna Fellman \u2013 suomenruotsalainen kulttuurivaikuttaja ja runoilija"},"content":{"rendered":"\n<p><strong><br>Rosanna Fellman<\/strong>&nbsp;on Pietarsaaresta kotoisin oleva ja Helsingiss\u00e4 asuva runoilija ja suomenruotsalainen kulttuurivaikuttaja. H\u00e4nen esikoisteoksensa<em> Str\u00f6ms\u00f6borna<\/em> ilmestyi vuonna 2019 ja kaksikielinen toinen kokoelma <em>Republikens president \u2013 Tasavallan presidentti<\/em> vuonna 2022. H\u00e4nen kolmas runokokoelmansa <em>Det Jakobstad ingen vill ha<\/em> ilmestyy elokuussa. Fellman aloitti esiintymisen lavarunoilijana kymmenen vuotta sitten ja viitisen vuotta sitten ruotsia \u00e4idinkielen\u00e4\u00e4n puhuva Fellman esiintyi runoilijana ensimm\u00e4ist\u00e4 kertaa suomeksi. H\u00e4nen suomenkielinen runotyylins\u00e4 on absurdi, anarkistinen ja t\u00e4ynn\u00e4 hurristereotypioita haastavaa mustaa huumoria. Autismidiagnoosin saaneena h\u00e4n on my\u00f6s toiminut vammaisaktivistina aiheeseen liittyen. Fellman on lis\u00e4ksi aktiivinen podcastien toimittaja sek\u00e4 kolumnisti suomenruotsalaisessa mediassa.&nbsp;Juontajana <strong>P\u00e4ivi Haanp\u00e4\u00e4<\/strong>.<\/p>\n\n\n<div class=\"wp-block-image\">\n<figure class=\"aligncenter size-large is-resized\"><a href=\"https:\/\/www.radiofiskars.fi\/wp-content\/uploads\/2024\/07\/Rosanna.jpg\"><img loading=\"lazy\" decoding=\"async\" width=\"768\" height=\"1024\" src=\"https:\/\/www.radiofiskars.fi\/wp-content\/uploads\/2024\/07\/Rosanna-768x1024.jpg\" alt=\"\" class=\"wp-image-8798\" style=\"width:476px;height:auto\" srcset=\"https:\/\/www.radiofiskars.fi\/wp-content\/uploads\/2024\/07\/Rosanna-768x1024.jpg 768w, https:\/\/www.radiofiskars.fi\/wp-content\/uploads\/2024\/07\/Rosanna-225x300.jpg 225w, https:\/\/www.radiofiskars.fi\/wp-content\/uploads\/2024\/07\/Rosanna-1152x1536.jpg 1152w, https:\/\/www.radiofiskars.fi\/wp-content\/uploads\/2024\/07\/Rosanna.jpg 1536w\" sizes=\"auto, (max-width: 768px) 100vw, 768px\" \/><\/a><figcaption class=\"wp-element-caption\">Kuva Arto Ilkka Jalonen \/ Kulttuuritoimitus<\/figcaption><\/figure>\n<\/div>\n\n\n<p>Ohjelma on taltioitu 8.6.2024 j\u00e4rjestetyll\u00e4 Annikin Runofestivaalilla Tampereella. Lis\u00e4tietoja&nbsp;<a href=\"http:\/\/annikinrunofestivaali.net\/\" target=\"_blank\" rel=\"noreferrer noopener\">annikinrunofestivaali.net<\/a>.<\/p>\n<div class=\"powerpress_player\" id=\"powerpress_player_4376\"><audio class=\"wp-audio-shortcode\" id=\"audio-8791-1\" preload=\"none\" style=\"width: 100%;\" controls=\"controls\"><source type=\"audio\/mpeg\" src=\"https:\/\/www.radiofiskars.fi\/wp-content\/uploads\/2024\/07\/Rosanna-Fellman_01.mp3?_=1\" \/><a href=\"https:\/\/www.radiofiskars.fi\/wp-content\/uploads\/2024\/07\/Rosanna-Fellman_01.mp3\">https:\/\/www.radiofiskars.fi\/wp-content\/uploads\/2024\/07\/Rosanna-Fellman_01.mp3<\/a><\/audio><\/div><p class=\"powerpress_links powerpress_links_mp3\" style=\"margin-bottom: 1px !important;\">Podcast: <a href=\"https:\/\/www.radiofiskars.fi\/wp-content\/uploads\/2024\/07\/Rosanna-Fellman_01.mp3\" class=\"powerpress_link_pinw\" target=\"_blank\" title=\"Play in new window\" onclick=\"return powerpress_pinw('https:\/\/www.radiofiskars.fi\/wordpress\/?powerpress_pinw=8791-podcast');\" rel=\"nofollow\">Play in new window<\/a><\/p><!--powerpress_player-->","protected":false},"excerpt":{"rendered":"<p>Rosanna Fellman&nbsp;on Pietarsaaresta kotoisin oleva ja Helsingiss\u00e4 asuva runoilija ja suomenruotsalainen kulttuurivaikuttaja. H\u00e4nen esikoisteoksensa Str\u00f6ms\u00f6borna ilmestyi vuonna 2019 ja kaksikielinen toinen kokoelma Republikens president \u2013 Tasavallan presidentti vuonna 2022. H\u00e4nen kolmas runokokoelmansa Det Jakobstad ingen vill ha ilmestyy elokuussa. Fellman aloitti esiintymisen lavarunoilijana kymmenen vuotta sitten ja viitisen vuotta sitten ruotsia \u00e4idinkielen\u00e4\u00e4n puhuva Fellman esiintyi &hellip; <a href=\"https:\/\/www.radiofiskars.fi\/wordpress\/2024\/07\/rosanna-fellman-suomenruotsalainen-kulttuurivaikuttaja-ja-runoilija\/\" class=\"more-link\">Jatka lukemista <span class=\"screen-reader-text\">Rosanna Fellman \u2013 suomenruotsalainen kulttuurivaikuttaja ja runoilija<\/span> <span class=\"meta-nav\">&rarr;<\/span><\/a><\/p>\n","protected":false},"author":2,"featured_media":0,"comment_status":"closed","ping_status":"closed","sticky":false,"template":"","format":"standard","meta":{"footnotes":""},"categories":[51],"tags":[1340,1351,981,1349],"class_list":["post-8791","post","type-post","status-publish","format-standard","hentry","category-tapahtumataltioinnit","tag-annikin-runofestivaali","tag-arto-ilkka-jalonen","tag-haanpaa-paivi","tag-rosanna-fellman"],"_links":{"self":[{"href":"https:\/\/www.radiofiskars.fi\/wordpress\/wp-json\/wp\/v2\/posts\/8791","targetHints":{"allow":["GET"]}}],"collection":[{"href":"https:\/\/www.radiofiskars.fi\/wordpress\/wp-json\/wp\/v2\/posts"}],"about":[{"href":"https:\/\/www.radiofiskars.fi\/wordpress\/wp-json\/wp\/v2\/types\/post"}],"author":[{"embeddable":true,"href":"https:\/\/www.radiofiskars.fi\/wordpress\/wp-json\/wp\/v2\/users\/2"}],"replies":[{"embeddable":true,"href":"https:\/\/www.radiofiskars.fi\/wordpress\/wp-json\/wp\/v2\/comments?post=8791"}],"version-history":[{"count":7,"href":"https:\/\/www.radiofiskars.fi\/wordpress\/wp-json\/wp\/v2\/posts\/8791\/revisions"}],"predecessor-version":[{"id":8807,"href":"https:\/\/www.radiofiskars.fi\/wordpress\/wp-json\/wp\/v2\/posts\/8791\/revisions\/8807"}],"wp:attachment":[{"href":"https:\/\/www.radiofiskars.fi\/wordpress\/wp-json\/wp\/v2\/media?parent=8791"}],"wp:term":[{"taxonomy":"category","embeddable":true,"href":"https:\/\/www.radiofiskars.fi\/wordpress\/wp-json\/wp\/v2\/categories?post=8791"},{"taxonomy":"post_tag","embeddable":true,"href":"https:\/\/www.radiofiskars.fi\/wordpress\/wp-json\/wp\/v2\/tags?post=8791"}],"curies":[{"name":"wp","href":"https:\/\/api.w.org\/{rel}","templated":true}]}}