{"id":8858,"date":"2024-09-26T18:09:27","date_gmt":"2024-09-26T15:09:27","guid":{"rendered":"https:\/\/www.radiofiskars.fi\/wordpress\/?p=8858"},"modified":"2025-01-07T15:04:47","modified_gmt":"2025-01-07T13:04:47","slug":"marko-ulvila-kansalaisaktivisti","status":"publish","type":"post","link":"https:\/\/www.radiofiskars.fi\/wordpress\/2024\/09\/marko-ulvila-kansalaisaktivisti\/","title":{"rendered":"Marko Ulvila, kansalaisaktivisti"},"content":{"rendered":"<div class=\"wp-block-image\">\n<figure class=\"aligncenter size-large is-resized\"><a href=\"https:\/\/www.radiofiskars.fi\/wp-content\/uploads\/2024\/09\/Markogarden1-scaled.jpg\"><img loading=\"lazy\" decoding=\"async\" width=\"768\" height=\"1024\" src=\"https:\/\/www.radiofiskars.fi\/wp-content\/uploads\/2024\/09\/Markogarden1-768x1024.jpg\" alt=\"\" class=\"wp-image-8854\" style=\"width:389px;height:auto\" srcset=\"https:\/\/www.radiofiskars.fi\/wp-content\/uploads\/2024\/09\/Markogarden1-768x1024.jpg 768w, https:\/\/www.radiofiskars.fi\/wp-content\/uploads\/2024\/09\/Markogarden1-225x300.jpg 225w, https:\/\/www.radiofiskars.fi\/wp-content\/uploads\/2024\/09\/Markogarden1-1152x1536.jpg 1152w, https:\/\/www.radiofiskars.fi\/wp-content\/uploads\/2024\/09\/Markogarden1-1536x2048.jpg 1536w, https:\/\/www.radiofiskars.fi\/wp-content\/uploads\/2024\/09\/Markogarden1-scaled.jpg 1920w\" sizes=\"auto, (max-width: 768px) 100vw, 768px\" \/><\/a><\/figure>\n<\/div>\n\n\n<p>Radiofiskars tapasi kansalaisaktivisti ja sosiologi<strong> Marko Ulvila<\/strong>n kotonaan Annikin puutalokorttelissa Tampereella. H\u00e4n on ollut perustamassa Suomen Maan yst\u00e4vi\u00e4 ja toiminut kuusi vuotta kansainv\u00e4lisi\u00e4 yhteyksi\u00e4 koordinoivan Siemenpuu-s\u00e4\u00e4ti\u00f6n puheenjohtajana. Lis\u00e4ksi puhutaan h\u00e4nen ja <strong>Jarna Pasasen<\/strong> teoksesta\u00a0<em>Vihre\u00e4 uusjako<\/em>\u00a0(Like 2010), jossa he kartoittavat vaihtoehtoja fossiilikapitalismille. \u2013 J. K. Ihalainen<\/p>\n<div class=\"powerpress_player\" id=\"powerpress_player_5763\"><audio class=\"wp-audio-shortcode\" id=\"audio-8858-1\" preload=\"none\" style=\"width: 100%;\" controls=\"controls\"><source type=\"audio\/mpeg\" src=\"https:\/\/www.radiofiskars.fi\/wp-content\/uploads\/2024\/09\/Kansalaisaktivisti-Marko-Ulvila.mp3?_=1\" \/><a href=\"https:\/\/www.radiofiskars.fi\/wp-content\/uploads\/2024\/09\/Kansalaisaktivisti-Marko-Ulvila.mp3\">https:\/\/www.radiofiskars.fi\/wp-content\/uploads\/2024\/09\/Kansalaisaktivisti-Marko-Ulvila.mp3<\/a><\/audio><\/div><p class=\"powerpress_links powerpress_links_mp3\" style=\"margin-bottom: 1px !important;\">Podcast: <a href=\"https:\/\/www.radiofiskars.fi\/wp-content\/uploads\/2024\/09\/Kansalaisaktivisti-Marko-Ulvila.mp3\" class=\"powerpress_link_pinw\" target=\"_blank\" title=\"Play in new window\" onclick=\"return powerpress_pinw('https:\/\/www.radiofiskars.fi\/wordpress\/?powerpress_pinw=8858-podcast');\" rel=\"nofollow\">Play in new window<\/a><\/p><!--powerpress_player-->","protected":false},"excerpt":{"rendered":"<p>Radiofiskars tapasi kansalaisaktivisti ja sosiologi Marko Ulvilan kotonaan Annikin puutalokorttelissa Tampereella. H\u00e4n on ollut perustamassa Suomen Maan yst\u00e4vi\u00e4 ja toiminut kuusi vuotta kansainv\u00e4lisi\u00e4 yhteyksi\u00e4 koordinoivan Siemenpuu-s\u00e4\u00e4ti\u00f6n puheenjohtajana. Lis\u00e4ksi puhutaan h\u00e4nen ja Jarna Pasasen teoksesta\u00a0Vihre\u00e4 uusjako\u00a0(Like 2010), jossa he kartoittavat vaihtoehtoja fossiilikapitalismille. \u2013 J. K. Ihalainen https:\/\/www.radiofiskars.fi\/wp-content\/uploads\/2024\/09\/Kansalaisaktivisti-Marko-Ulvila.mp3 Podcast: Play in new window<\/p>\n","protected":false},"author":2,"featured_media":0,"comment_status":"closed","ping_status":"closed","sticky":false,"template":"","format":"standard","meta":{"footnotes":""},"categories":[5],"tags":[390,1360,1359,1358],"class_list":["post-8858","post","type-post","status-publish","format-standard","hentry","category-haastattelut","tag-j-k-ihalainen","tag-jarna-pasanen","tag-kansalaisaktivismi","tag-marko-ulvila"],"_links":{"self":[{"href":"https:\/\/www.radiofiskars.fi\/wordpress\/wp-json\/wp\/v2\/posts\/8858","targetHints":{"allow":["GET"]}}],"collection":[{"href":"https:\/\/www.radiofiskars.fi\/wordpress\/wp-json\/wp\/v2\/posts"}],"about":[{"href":"https:\/\/www.radiofiskars.fi\/wordpress\/wp-json\/wp\/v2\/types\/post"}],"author":[{"embeddable":true,"href":"https:\/\/www.radiofiskars.fi\/wordpress\/wp-json\/wp\/v2\/users\/2"}],"replies":[{"embeddable":true,"href":"https:\/\/www.radiofiskars.fi\/wordpress\/wp-json\/wp\/v2\/comments?post=8858"}],"version-history":[{"count":4,"href":"https:\/\/www.radiofiskars.fi\/wordpress\/wp-json\/wp\/v2\/posts\/8858\/revisions"}],"predecessor-version":[{"id":8864,"href":"https:\/\/www.radiofiskars.fi\/wordpress\/wp-json\/wp\/v2\/posts\/8858\/revisions\/8864"}],"wp:attachment":[{"href":"https:\/\/www.radiofiskars.fi\/wordpress\/wp-json\/wp\/v2\/media?parent=8858"}],"wp:term":[{"taxonomy":"category","embeddable":true,"href":"https:\/\/www.radiofiskars.fi\/wordpress\/wp-json\/wp\/v2\/categories?post=8858"},{"taxonomy":"post_tag","embeddable":true,"href":"https:\/\/www.radiofiskars.fi\/wordpress\/wp-json\/wp\/v2\/tags?post=8858"}],"curies":[{"name":"wp","href":"https:\/\/api.w.org\/{rel}","templated":true}]}}