{"id":8892,"date":"2024-10-11T10:00:27","date_gmt":"2024-10-11T07:00:27","guid":{"rendered":"https:\/\/www.radiofiskars.fi\/wordpress\/?p=8892"},"modified":"2025-01-07T15:04:42","modified_gmt":"2025-01-07T13:04:42","slug":"onko-tekoalylla-yhteiskuntaluokkaa","status":"publish","type":"post","link":"https:\/\/www.radiofiskars.fi\/wordpress\/2024\/10\/onko-tekoalylla-yhteiskuntaluokkaa\/","title":{"rendered":"ONKO TEKO\u00c4LYLL\u00c4 YHTEISKUNTALUOKKAA?"},"content":{"rendered":"\n<p><strong><strong>ONKO TEKO\u00c4LYLL\u00c4 YHTEISKUNTALUOKKAA?<\/strong><\/strong><br>Oikeus k\u00e4ytt\u00e4\u00e4 tai olla k\u00e4ytt\u00e4m\u00e4tt\u00e4 teko\u00e4ly\u00e4 kietoutuu muiden kysymysten lis\u00e4ksi my\u00f6s luokkakysymykseen. Millaista yhteiskunnallista eriarvoisuutta tieteiskirjallisuudessa on spekuloitu teko\u00e4lyjen kehityksest\u00e4 johtuen? Keskustelijoina tiet\u00e4mist\u00e4, teko\u00e4ly\u00e4 ja eriarvoistumista tuotannossaan k\u00e4sittelev\u00e4t tieteiskirjailijat&nbsp;<strong>Satu Piispa-Hakala<\/strong>&nbsp;(<em>Debytantti&nbsp;<\/em>2024),&nbsp;<strong>Taru Kumara-Moisio<\/strong>&nbsp;(<em>Taivaanjuuret<\/em>&nbsp;2022, Atrain &amp; Nord,&nbsp;<em>Ihmisversoja<\/em>&nbsp;2019, Atrain &amp; Nord) ja&nbsp;<strong>Reetta Vuokko-Syrj\u00e4nen<\/strong>&nbsp;(<em>Mahdottomien kukkien puutarha&nbsp;<\/em>2023,&nbsp;<em>Syntykeho<\/em>&nbsp;2022). (J\u00e4rjest\u00e4j\u00e4 Osuuskumma).<\/p>\n\n\n\n<figure class=\"wp-block-gallery has-nested-images columns-default is-cropped wp-block-gallery-1 is-layout-flex wp-block-gallery-is-layout-flex\">\n<figure class=\"wp-block-image size-large\"><a href=\"https:\/\/www.radiofiskars.fi\/wp-content\/uploads\/2024\/10\/debytantti.webp\"><img loading=\"lazy\" decoding=\"async\" width=\"674\" height=\"1024\" data-id=\"8900\" src=\"https:\/\/www.radiofiskars.fi\/wp-content\/uploads\/2024\/10\/debytantti-674x1024.webp\" alt=\"\" class=\"wp-image-8900\" srcset=\"https:\/\/www.radiofiskars.fi\/wp-content\/uploads\/2024\/10\/debytantti-674x1024.webp 674w, https:\/\/www.radiofiskars.fi\/wp-content\/uploads\/2024\/10\/debytantti-197x300.webp 197w, https:\/\/www.radiofiskars.fi\/wp-content\/uploads\/2024\/10\/debytantti-768x1168.webp 768w, https:\/\/www.radiofiskars.fi\/wp-content\/uploads\/2024\/10\/debytantti-1010x1536.webp 1010w, https:\/\/www.radiofiskars.fi\/wp-content\/uploads\/2024\/10\/debytantti-1347x2048.webp 1347w, https:\/\/www.radiofiskars.fi\/wp-content\/uploads\/2024\/10\/debytantti.webp 1476w\" sizes=\"auto, (max-width: 674px) 100vw, 674px\" \/><\/a><\/figure>\n\n\n\n<figure class=\"wp-block-image size-large\"><a href=\"https:\/\/www.radiofiskars.fi\/wp-content\/uploads\/2024\/10\/a34292925a2747398c7fc9a9142b92009789523156432_1.jpg.webp\"><img loading=\"lazy\" decoding=\"async\" width=\"676\" height=\"1024\" data-id=\"8899\" src=\"https:\/\/www.radiofiskars.fi\/wp-content\/uploads\/2024\/10\/a34292925a2747398c7fc9a9142b92009789523156432_1.jpg-676x1024.webp\" alt=\"\" class=\"wp-image-8899\" srcset=\"https:\/\/www.radiofiskars.fi\/wp-content\/uploads\/2024\/10\/a34292925a2747398c7fc9a9142b92009789523156432_1.jpg-676x1024.webp 676w, https:\/\/www.radiofiskars.fi\/wp-content\/uploads\/2024\/10\/a34292925a2747398c7fc9a9142b92009789523156432_1.jpg-198x300.webp 198w, https:\/\/www.radiofiskars.fi\/wp-content\/uploads\/2024\/10\/a34292925a2747398c7fc9a9142b92009789523156432_1.jpg-768x1164.webp 768w, https:\/\/www.radiofiskars.fi\/wp-content\/uploads\/2024\/10\/a34292925a2747398c7fc9a9142b92009789523156432_1.jpg.webp 787w\" sizes=\"auto, (max-width: 676px) 100vw, 676px\" \/><\/a><\/figure>\n\n\n\n<figure class=\"wp-block-image size-large\"><a href=\"https:\/\/www.radiofiskars.fi\/wp-content\/uploads\/2024\/10\/mahdottomien-kukkien-puutarha.webp\"><img loading=\"lazy\" decoding=\"async\" width=\"695\" height=\"1024\" data-id=\"8898\" src=\"https:\/\/www.radiofiskars.fi\/wp-content\/uploads\/2024\/10\/mahdottomien-kukkien-puutarha-695x1024.webp\" alt=\"\" class=\"wp-image-8898\" srcset=\"https:\/\/www.radiofiskars.fi\/wp-content\/uploads\/2024\/10\/mahdottomien-kukkien-puutarha-695x1024.webp 695w, https:\/\/www.radiofiskars.fi\/wp-content\/uploads\/2024\/10\/mahdottomien-kukkien-puutarha-204x300.webp 204w, https:\/\/www.radiofiskars.fi\/wp-content\/uploads\/2024\/10\/mahdottomien-kukkien-puutarha-768x1132.webp 768w, https:\/\/www.radiofiskars.fi\/wp-content\/uploads\/2024\/10\/mahdottomien-kukkien-puutarha.webp 800w\" sizes=\"auto, (max-width: 695px) 100vw, 695px\" \/><\/a><\/figure>\n<\/figure>\n\n\n\n<p>Ohjelma taltioitiin Tampereella 7.9.2024 , jolloin suuri joukko yhteiskunnallisesta kirjallisuudesta kiinnostunutta v\u00e4ke\u00e4 kokoontui Ty\u00f6v\u00e4enmuseo Werstaan uumeniin viett\u00e4m\u00e4\u00e4n Ty\u00f6v\u00e4enkirjallisuuden p\u00e4iv\u00e4\u00e4. Tapahtuman t\u00e4m\u00e4n vuoden teemana oli \u201d\u00c4ly\u201d.<\/p>\n<div class=\"powerpress_player\" id=\"powerpress_player_2847\"><audio class=\"wp-audio-shortcode\" id=\"audio-8892-1\" preload=\"none\" style=\"width: 100%;\" controls=\"controls\"><source type=\"audio\/mpeg\" src=\"https:\/\/www.radiofiskars.fi\/wp-content\/uploads\/2024\/10\/Onko-tekoalylla-yhteiskuntaluokkaa_01.mp3?_=1\" \/><a href=\"https:\/\/www.radiofiskars.fi\/wp-content\/uploads\/2024\/10\/Onko-tekoalylla-yhteiskuntaluokkaa_01.mp3\">https:\/\/www.radiofiskars.fi\/wp-content\/uploads\/2024\/10\/Onko-tekoalylla-yhteiskuntaluokkaa_01.mp3<\/a><\/audio><\/div><p class=\"powerpress_links powerpress_links_mp3\" style=\"margin-bottom: 1px !important;\">Podcast: <a href=\"https:\/\/www.radiofiskars.fi\/wp-content\/uploads\/2024\/10\/Onko-tekoalylla-yhteiskuntaluokkaa_01.mp3\" class=\"powerpress_link_pinw\" target=\"_blank\" title=\"Play in new window\" onclick=\"return powerpress_pinw('https:\/\/www.radiofiskars.fi\/wordpress\/?powerpress_pinw=8892-podcast');\" rel=\"nofollow\">Play in new window<\/a><\/p><!--powerpress_player-->","protected":false},"excerpt":{"rendered":"<p>ONKO TEKO\u00c4LYLL\u00c4 YHTEISKUNTALUOKKAA?Oikeus k\u00e4ytt\u00e4\u00e4 tai olla k\u00e4ytt\u00e4m\u00e4tt\u00e4 teko\u00e4ly\u00e4 kietoutuu muiden kysymysten lis\u00e4ksi my\u00f6s luokkakysymykseen. Millaista yhteiskunnallista eriarvoisuutta tieteiskirjallisuudessa on spekuloitu teko\u00e4lyjen kehityksest\u00e4 johtuen? Keskustelijoina tiet\u00e4mist\u00e4, teko\u00e4ly\u00e4 ja eriarvoistumista tuotannossaan k\u00e4sittelev\u00e4t tieteiskirjailijat&nbsp;Satu Piispa-Hakala&nbsp;(Debytantti&nbsp;2024),&nbsp;Taru Kumara-Moisio&nbsp;(Taivaanjuuret&nbsp;2022, Atrain &amp; Nord,&nbsp;Ihmisversoja&nbsp;2019, Atrain &amp; Nord) ja&nbsp;Reetta Vuokko-Syrj\u00e4nen&nbsp;(Mahdottomien kukkien puutarha&nbsp;2023,&nbsp;Syntykeho&nbsp;2022). (J\u00e4rjest\u00e4j\u00e4 Osuuskumma). Ohjelma taltioitiin Tampereella 7.9.2024 , jolloin suuri joukko yhteiskunnallisesta kirjallisuudesta &hellip; <a href=\"https:\/\/www.radiofiskars.fi\/wordpress\/2024\/10\/onko-tekoalylla-yhteiskuntaluokkaa\/\" class=\"more-link\">Jatka lukemista <span class=\"screen-reader-text\">ONKO TEKO\u00c4LYLL\u00c4 YHTEISKUNTALUOKKAA?<\/span> <span class=\"meta-nav\">&rarr;<\/span><\/a><\/p>\n","protected":false},"author":2,"featured_media":0,"comment_status":"closed","ping_status":"closed","sticky":false,"template":"","format":"standard","meta":{"footnotes":""},"categories":[51],"tags":[1377,1375,1376,1104,1371],"class_list":["post-8892","post","type-post","status-publish","format-standard","hentry","category-tapahtumataltioinnit","tag-reetta-vuokko-syrjanen","tag-satu-piispa-hakala","tag-taru-kumara-moisio","tag-tekoaly","tag-tyovaenkirjallisuuden-paiva"],"_links":{"self":[{"href":"https:\/\/www.radiofiskars.fi\/wordpress\/wp-json\/wp\/v2\/posts\/8892","targetHints":{"allow":["GET"]}}],"collection":[{"href":"https:\/\/www.radiofiskars.fi\/wordpress\/wp-json\/wp\/v2\/posts"}],"about":[{"href":"https:\/\/www.radiofiskars.fi\/wordpress\/wp-json\/wp\/v2\/types\/post"}],"author":[{"embeddable":true,"href":"https:\/\/www.radiofiskars.fi\/wordpress\/wp-json\/wp\/v2\/users\/2"}],"replies":[{"embeddable":true,"href":"https:\/\/www.radiofiskars.fi\/wordpress\/wp-json\/wp\/v2\/comments?post=8892"}],"version-history":[{"count":5,"href":"https:\/\/www.radiofiskars.fi\/wordpress\/wp-json\/wp\/v2\/posts\/8892\/revisions"}],"predecessor-version":[{"id":8918,"href":"https:\/\/www.radiofiskars.fi\/wordpress\/wp-json\/wp\/v2\/posts\/8892\/revisions\/8918"}],"wp:attachment":[{"href":"https:\/\/www.radiofiskars.fi\/wordpress\/wp-json\/wp\/v2\/media?parent=8892"}],"wp:term":[{"taxonomy":"category","embeddable":true,"href":"https:\/\/www.radiofiskars.fi\/wordpress\/wp-json\/wp\/v2\/categories?post=8892"},{"taxonomy":"post_tag","embeddable":true,"href":"https:\/\/www.radiofiskars.fi\/wordpress\/wp-json\/wp\/v2\/tags?post=8892"}],"curies":[{"name":"wp","href":"https:\/\/api.w.org\/{rel}","templated":true}]}}