{"id":9042,"date":"2024-11-12T18:08:51","date_gmt":"2024-11-12T16:08:51","guid":{"rendered":"https:\/\/www.radiofiskars.fi\/wordpress\/?p=9042"},"modified":"2025-01-07T15:04:22","modified_gmt":"2025-01-07T13:04:22","slug":"kwum-museon-talvinayttely-2024-2025","status":"publish","type":"post","link":"https:\/\/www.radiofiskars.fi\/wordpress\/2024\/11\/kwum-museon-talvinayttely-2024-2025\/","title":{"rendered":"KWUM-museon talvin\u00e4yttely 2024\u20132025"},"content":{"rendered":"\n<div class=\"wp-block-group is-layout-grid wp-container-core-group-is-layout-9649a0d9 wp-block-group-is-layout-grid\">\n<figure class=\"wp-block-image size-large\"><a href=\"https:\/\/www.radiofiskars.fi\/wp-content\/uploads\/2024\/11\/MaaritMakela-Hirvipollo-scaled.jpg\"><img loading=\"lazy\" decoding=\"async\" width=\"1024\" height=\"768\" src=\"https:\/\/www.radiofiskars.fi\/wp-content\/uploads\/2024\/11\/MaaritMakela-Hirvipollo-1024x768.jpg\" alt=\"\" class=\"wp-image-9013\" srcset=\"https:\/\/www.radiofiskars.fi\/wp-content\/uploads\/2024\/11\/MaaritMakela-Hirvipollo-1024x768.jpg 1024w, https:\/\/www.radiofiskars.fi\/wp-content\/uploads\/2024\/11\/MaaritMakela-Hirvipollo-300x225.jpg 300w, https:\/\/www.radiofiskars.fi\/wp-content\/uploads\/2024\/11\/MaaritMakela-Hirvipollo-768x576.jpg 768w, https:\/\/www.radiofiskars.fi\/wp-content\/uploads\/2024\/11\/MaaritMakela-Hirvipollo-1536x1152.jpg 1536w, https:\/\/www.radiofiskars.fi\/wp-content\/uploads\/2024\/11\/MaaritMakela-Hirvipollo-2048x1536.jpg 2048w\" sizes=\"auto, (max-width: 1024px) 100vw, 1024px\" \/><\/a><figcaption class=\"wp-element-caption\">Maarit M\u00e4kel\u00e4: Hirvip\u00f6ll\u00f6<\/figcaption><\/figure>\n\n\n\n<figure class=\"wp-block-image size-large\"><a href=\"https:\/\/www.radiofiskars.fi\/wp-content\/uploads\/2024\/11\/Kajander_viisikko-scaled.jpg\"><img loading=\"lazy\" decoding=\"async\" width=\"1024\" height=\"768\" src=\"https:\/\/www.radiofiskars.fi\/wp-content\/uploads\/2024\/11\/Kajander_viisikko-1024x768.jpg\" alt=\"\" class=\"wp-image-9014\" srcset=\"https:\/\/www.radiofiskars.fi\/wp-content\/uploads\/2024\/11\/Kajander_viisikko-1024x768.jpg 1024w, https:\/\/www.radiofiskars.fi\/wp-content\/uploads\/2024\/11\/Kajander_viisikko-300x225.jpg 300w, https:\/\/www.radiofiskars.fi\/wp-content\/uploads\/2024\/11\/Kajander_viisikko-768x576.jpg 768w, https:\/\/www.radiofiskars.fi\/wp-content\/uploads\/2024\/11\/Kajander_viisikko-1536x1152.jpg 1536w, https:\/\/www.radiofiskars.fi\/wp-content\/uploads\/2024\/11\/Kajander_viisikko-2048x1536.jpg 2048w\" sizes=\"auto, (max-width: 1024px) 100vw, 1024px\" \/><\/a><figcaption class=\"wp-element-caption\">Catharina Kajander<\/figcaption><\/figure>\n\n\n\n<figure class=\"wp-block-image size-large\"><a href=\"https:\/\/www.radiofiskars.fi\/wp-content\/uploads\/2024\/11\/Mattila_hautova-kana-scaled.jpg\"><img loading=\"lazy\" decoding=\"async\" width=\"1024\" height=\"768\" src=\"https:\/\/www.radiofiskars.fi\/wp-content\/uploads\/2024\/11\/Mattila_hautova-kana-1024x768.jpg\" alt=\"\" class=\"wp-image-9012\" srcset=\"https:\/\/www.radiofiskars.fi\/wp-content\/uploads\/2024\/11\/Mattila_hautova-kana-1024x768.jpg 1024w, https:\/\/www.radiofiskars.fi\/wp-content\/uploads\/2024\/11\/Mattila_hautova-kana-300x225.jpg 300w, https:\/\/www.radiofiskars.fi\/wp-content\/uploads\/2024\/11\/Mattila_hautova-kana-768x576.jpg 768w, https:\/\/www.radiofiskars.fi\/wp-content\/uploads\/2024\/11\/Mattila_hautova-kana-1536x1152.jpg 1536w, https:\/\/www.radiofiskars.fi\/wp-content\/uploads\/2024\/11\/Mattila_hautova-kana-2048x1536.jpg 2048w\" sizes=\"auto, (max-width: 1024px) 100vw, 1024px\" \/><\/a><figcaption class=\"wp-element-caption\">Lotta Mattila: Hautova kana<\/figcaption><\/figure>\n<\/div>\n\n\n\n<p>Keraamikko&nbsp;<strong>Karin Widn\u00e4sin<\/strong>&nbsp;KWUM-museon kuudes talvin\u00e4yttely sukeltaa suomalaiseen punasaveen \u2013 materiaaliin, joka v\u00e4lill\u00e4 on ollut tuontisaven katveessa. Yli 40 taiteilijan n\u00e4yttely havainnollistaa, mihin kaikkeen konkreettisesti meid\u00e4n jalkojemme alta l\u00f6ytyv\u00e4 materiaali taipuu. Widn\u00e4s johdattaa kuulijan punasaven mahdollisuuksiin ja n\u00e4yttelyn teoksiin.<\/p>\n\n\n<div class=\"wp-block-image\">\n<figure class=\"aligncenter size-large is-resized\"><a href=\"https:\/\/www.radiofiskars.fi\/wp-content\/uploads\/2024\/11\/Murtunut_TiiaMatikainen.jpg\"><img loading=\"lazy\" decoding=\"async\" width=\"694\" height=\"1024\" src=\"https:\/\/www.radiofiskars.fi\/wp-content\/uploads\/2024\/11\/Murtunut_TiiaMatikainen-694x1024.jpg\" alt=\"\" class=\"wp-image-9011\" style=\"width:277px;height:auto\" srcset=\"https:\/\/www.radiofiskars.fi\/wp-content\/uploads\/2024\/11\/Murtunut_TiiaMatikainen-694x1024.jpg 694w, https:\/\/www.radiofiskars.fi\/wp-content\/uploads\/2024\/11\/Murtunut_TiiaMatikainen-203x300.jpg 203w, https:\/\/www.radiofiskars.fi\/wp-content\/uploads\/2024\/11\/Murtunut_TiiaMatikainen-768x1133.jpg 768w, https:\/\/www.radiofiskars.fi\/wp-content\/uploads\/2024\/11\/Murtunut_TiiaMatikainen-1041x1536.jpg 1041w, https:\/\/www.radiofiskars.fi\/wp-content\/uploads\/2024\/11\/Murtunut_TiiaMatikainen-1388x2048.jpg 1388w, https:\/\/www.radiofiskars.fi\/wp-content\/uploads\/2024\/11\/Murtunut_TiiaMatikainen.jpg 1470w\" sizes=\"auto, (max-width: 694px) 100vw, 694px\" \/><\/a><figcaption class=\"wp-element-caption\">Tiia Matikainen: Murtunut<\/figcaption><\/figure>\n<\/div>\n\n\n<p><strong>KOTIMAINEN SAVI<\/strong>: Mukana n\u00e4yttelyss\u00e4 on yli 40 taiteilijaa, joista Riitta Talonpoika, Lea Sarasjoki, Sirkka-Liisa Sarasjoki sek\u00e4 Viivi Varesvuo ovat fiskarilaisia.<\/p>\n\n\n\n<p><strong>UNELMIA PUNASAVESTA<\/strong>&nbsp;\u2013 CATHARINA KAJANDER<\/p>\n\n\n\n<p><strong>KOTIMAINEN PUNASAVI<\/strong>&nbsp;\u2013 AINO EERONHEIMO, ANNA-KAISA HAANAHO, ILMA ja TOR BERGL\u00d6F, EVA SPOOF, HEIDI PUUMALAINEN, IIRI REPO, JARI VESTERINEN, KATJA KOTIKOSKI, KATRIINA NUUTINEN, LEA SARASJOKI, LEENA M\u00c4KI-PATOLA, MAARIT M\u00c4KEL\u00c4, MARI PAIKKARI, MIIA KALLIO, MIRA NIITTYM\u00c4KI, MIRJA NIEMEL\u00c4, NINA EKSTR\u00d6M, P\u00c4IVI KESKI-POMPPU, P\u00c4IVI RINTALA, RIITTA TALONPOIKA, SAMI RINNE, SANNA RINTALAULAJA, SIRKKA-LIISA SARASJOKI, SOFIE H\u00c4GERSTR\u00d6M, SOILE PAASONEN, TIIA MATIKAINEN, TUULI SOMMA, VIIVI VARESVUO, HAMK-Oppilaat<\/p>\n\n\n\n<p><strong>KAINUUN KAOLIINI, Uudet kokeet<\/strong>.- ERKKI STENIUS, EVA SPOOF, LAURA PEHKONEN, LEENA HYTTINEN,&nbsp;&nbsp;NIKO MANKINEN, LOTTA MATTILA, ANNA-KAISA HAANAHO, ULLA HARJU, KATARIINA GUTHWERT, JARI VESTERINEN<\/p>\n\n\n\n<p><\/p>\n\n\n\n<p>KWUM-museon talvin\u00e4yttely on avoinna 30.03.2025 asti torstaista sunnuntaihin kello 12.\u201317. Baklurantie 12, 10470 Fiskars<\/p>\n\n\n\n<p><mark><a href=\"mailto:kw@karinwidnas.fi\">kw@karinwidnas.fi<\/a><\/mark> <a href=\"http:\/\/www.kwum.fi\/\"><mark>www.kwum.fi<\/mark><\/a><\/p>\n\n\n\n<p><\/p>\n\n\n\n<p><\/p>\n\n\n\n<p><\/p>\n<div class=\"powerpress_player\" id=\"powerpress_player_6352\"><a href=\"https:\/\/www.radiofiskars.fi\/wp-content\/uploads\/2024\/11\/Johdanto-takas.wav\" title=\"Play\" target=\"_blank\" style=\"position: relative;\"><img decoding=\"async\" src=\"https:\/\/www.radiofiskars.fi\/wp-content\/plugins\/powerpress\/black.png\" title=\"Play\" alt=\"Play\" style=\"width: 400px; height: 225px;\" \/><img decoding=\"async\" src=\"https:\/\/www.radiofiskars.fi\/wp-content\/plugins\/powerpress\/play_video.png\" title=\"Play\" alt=\"Play\" style=\"position: absolute; bottom:82px; left:170px; border:0;\" \/><\/a><\/div>\n<p class=\"powerpress_links powerpress_links_wav\" style=\"margin-bottom: 1px !important;\">Podcast: <a href=\"https:\/\/www.radiofiskars.fi\/wp-content\/uploads\/2024\/11\/Johdanto-takas.wav\" class=\"powerpress_link_pinw\" target=\"_blank\" title=\"Play in new window\" onclick=\"return powerpress_pinw('https:\/\/www.radiofiskars.fi\/wordpress\/?powerpress_pinw=9042-podcast');\" rel=\"nofollow\">Play in new window<\/a><\/p><!--powerpress_player-->","protected":false},"excerpt":{"rendered":"<p>Keraamikko&nbsp;Karin Widn\u00e4sin&nbsp;KWUM-museon kuudes talvin\u00e4yttely sukeltaa suomalaiseen punasaveen \u2013 materiaaliin, joka v\u00e4lill\u00e4 on ollut tuontisaven katveessa. Yli 40 taiteilijan n\u00e4yttely havainnollistaa, mihin kaikkeen konkreettisesti meid\u00e4n jalkojemme alta l\u00f6ytyv\u00e4 materiaali taipuu. Widn\u00e4s johdattaa kuulijan punasaven mahdollisuuksiin ja n\u00e4yttelyn teoksiin. KOTIMAINEN SAVI: Mukana n\u00e4yttelyss\u00e4 on yli 40 taiteilijaa, joista Riitta Talonpoika, Lea Sarasjoki, Sirkka-Liisa Sarasjoki sek\u00e4 Viivi Varesvuo &hellip; <a href=\"https:\/\/www.radiofiskars.fi\/wordpress\/2024\/11\/kwum-museon-talvinayttely-2024-2025\/\" class=\"more-link\">Jatka lukemista <span class=\"screen-reader-text\">KWUM-museon talvin\u00e4yttely 2024\u20132025<\/span> <span class=\"meta-nav\">&rarr;<\/span><\/a><\/p>\n","protected":false},"author":2,"featured_media":0,"comment_status":"closed","ping_status":"closed","sticky":false,"template":"","format":"standard","meta":{"footnotes":""},"categories":[1114,51],"tags":[266,1408],"class_list":["post-9042","post","type-post","status-publish","format-standard","hentry","category-taiteilijan-puheenvuoro","category-tapahtumataltioinnit","tag-karin-widnas","tag-kwum-museo"],"_links":{"self":[{"href":"https:\/\/www.radiofiskars.fi\/wordpress\/wp-json\/wp\/v2\/posts\/9042","targetHints":{"allow":["GET"]}}],"collection":[{"href":"https:\/\/www.radiofiskars.fi\/wordpress\/wp-json\/wp\/v2\/posts"}],"about":[{"href":"https:\/\/www.radiofiskars.fi\/wordpress\/wp-json\/wp\/v2\/types\/post"}],"author":[{"embeddable":true,"href":"https:\/\/www.radiofiskars.fi\/wordpress\/wp-json\/wp\/v2\/users\/2"}],"replies":[{"embeddable":true,"href":"https:\/\/www.radiofiskars.fi\/wordpress\/wp-json\/wp\/v2\/comments?post=9042"}],"version-history":[{"count":11,"href":"https:\/\/www.radiofiskars.fi\/wordpress\/wp-json\/wp\/v2\/posts\/9042\/revisions"}],"predecessor-version":[{"id":9057,"href":"https:\/\/www.radiofiskars.fi\/wordpress\/wp-json\/wp\/v2\/posts\/9042\/revisions\/9057"}],"wp:attachment":[{"href":"https:\/\/www.radiofiskars.fi\/wordpress\/wp-json\/wp\/v2\/media?parent=9042"}],"wp:term":[{"taxonomy":"category","embeddable":true,"href":"https:\/\/www.radiofiskars.fi\/wordpress\/wp-json\/wp\/v2\/categories?post=9042"},{"taxonomy":"post_tag","embeddable":true,"href":"https:\/\/www.radiofiskars.fi\/wordpress\/wp-json\/wp\/v2\/tags?post=9042"}],"curies":[{"name":"wp","href":"https:\/\/api.w.org\/{rel}","templated":true}]}}