{"id":9339,"date":"2025-01-27T19:48:00","date_gmt":"2025-01-27T17:48:00","guid":{"rendered":"https:\/\/www.radiofiskars.fi\/wordpress\/?p=9339"},"modified":"2025-01-30T11:50:49","modified_gmt":"2025-01-30T09:50:49","slug":"ulpu-maria-lehtinen-pimeyden-paimen","status":"publish","type":"post","link":"https:\/\/www.radiofiskars.fi\/wordpress\/2025\/01\/ulpu-maria-lehtinen-pimeyden-paimen\/","title":{"rendered":"Ulpu-Maria Lehtinen, Pimeyden paimen"},"content":{"rendered":"\n<p>Vangitsevan fantasiatrilogian odotettu toinen osa<\/p>\n\n\n\n<p><strong>Lilja<\/strong> palaa toiseen maailmaan pelastaakseen yst\u00e4v\u00e4ns\u00e4 ja parantaakseen rannikkotautiin sairastuneet Kalmansyrj\u00e4ss\u00e4. Mutta pimeyden l\u00e4pi kulkemisesta on maksettava kova hinta. Voiko Lilja palata en\u00e4\u00e4 kotiin veljen ja mummon luo? Ja mit\u00e4 merkitsev\u00e4t oudot n\u00e4yt, joista Lilja alkaa k\u00e4rsi\u00e4?<\/p>\n\n\n<div class=\"wp-block-image\">\n<figure class=\"aligncenter size-large is-resized\"><a href=\"https:\/\/www.radiofiskars.fi\/wp-content\/uploads\/2025\/01\/9789515259899-1.jpg\"><img loading=\"lazy\" decoding=\"async\" width=\"687\" height=\"1024\" src=\"https:\/\/www.radiofiskars.fi\/wp-content\/uploads\/2025\/01\/9789515259899-1-687x1024.jpg\" alt=\"\" class=\"wp-image-9343\" style=\"width:300px;height:auto\" srcset=\"https:\/\/www.radiofiskars.fi\/wp-content\/uploads\/2025\/01\/9789515259899-1-687x1024.jpg 687w, https:\/\/www.radiofiskars.fi\/wp-content\/uploads\/2025\/01\/9789515259899-1-201x300.jpg 201w, https:\/\/www.radiofiskars.fi\/wp-content\/uploads\/2025\/01\/9789515259899-1-768x1145.jpg 768w, https:\/\/www.radiofiskars.fi\/wp-content\/uploads\/2025\/01\/9789515259899-1-1031x1536.jpg 1031w, https:\/\/www.radiofiskars.fi\/wp-content\/uploads\/2025\/01\/9789515259899-1-1374x2048.jpg 1374w, https:\/\/www.radiofiskars.fi\/wp-content\/uploads\/2025\/01\/9789515259899-1.jpg 1711w\" sizes=\"auto, (max-width: 687px) 100vw, 687px\" \/><\/a><\/figure>\n<\/div>\n\n\n<p>Yst\u00e4vyys, rohkeus ja orastava rakkaus joutuvat koetukselle, kun Lilja yst\u00e4vineen ajautuu kilpailevien valtakuntien vihanpidon ja salajuonten verkkoon. Valtakamppailuiden v\u00e4ritt\u00e4m\u00e4 verinen historia uhkaa toistua, ja vaaralliset k\u00e4\u00e4nteet paljastavat, kuka kukin pohjimmiltaan on. <em>Kalmanperho-trilogian<\/em>\u00a0avausosana on ilmestynyt\u00a0<em>Kalmanperhon kuts<\/em>u. <strong>Ulpu-Maria Lehtist\u00e4 <\/strong>haastattelee <strong>Samu Kolehniemi<\/strong>: Miten Lehtisen toinen romaani<em> Pimeyden paimen<\/em> syntyi? Tottelevatko kirjan henkil\u00f6hahmot aina kirjailijaa? Ent\u00e4 miss\u00e4 vaiheessa on<em> Kalmanperho-trilogian<\/em> p\u00e4\u00e4t\u00f6sosa <em>Hy\u00f6nteisten hovi<\/em>?<\/p>\n\n\n\n<p>Ulpu-Maria Lehtinen: Pimeyden paimen. Kustantamo S&amp;S, 2024.<\/p>\n\n\n\n<p>Ohjelmataltiointi Tampereen Kirjafestareilla 2024. <\/p>\n<div class=\"powerpress_player\" id=\"powerpress_player_8136\"><audio class=\"wp-audio-shortcode\" id=\"audio-9339-1\" preload=\"none\" style=\"width: 100%;\" controls=\"controls\"><source type=\"audio\/mpeg\" src=\"https:\/\/www.radiofiskars.fi\/wp-content\/uploads\/2025\/01\/U-MLehtinen_O-TRE24.mp3?_=1\" \/><a href=\"https:\/\/www.radiofiskars.fi\/wp-content\/uploads\/2025\/01\/U-MLehtinen_O-TRE24.mp3\">https:\/\/www.radiofiskars.fi\/wp-content\/uploads\/2025\/01\/U-MLehtinen_O-TRE24.mp3<\/a><\/audio><\/div><p class=\"powerpress_links powerpress_links_mp3\" style=\"margin-bottom: 1px !important;\">Podcast: <a href=\"https:\/\/www.radiofiskars.fi\/wp-content\/uploads\/2025\/01\/U-MLehtinen_O-TRE24.mp3\" class=\"powerpress_link_pinw\" target=\"_blank\" title=\"Play in new window\" onclick=\"return powerpress_pinw('https:\/\/www.radiofiskars.fi\/wordpress\/?powerpress_pinw=9339-podcast');\" rel=\"nofollow\">Play in new window<\/a><\/p><!--powerpress_player-->","protected":false},"excerpt":{"rendered":"<p>Vangitsevan fantasiatrilogian odotettu toinen osa Lilja palaa toiseen maailmaan pelastaakseen yst\u00e4v\u00e4ns\u00e4 ja parantaakseen rannikkotautiin sairastuneet Kalmansyrj\u00e4ss\u00e4. Mutta pimeyden l\u00e4pi kulkemisesta on maksettava kova hinta. Voiko Lilja palata en\u00e4\u00e4 kotiin veljen ja mummon luo? Ja mit\u00e4 merkitsev\u00e4t oudot n\u00e4yt, joista Lilja alkaa k\u00e4rsi\u00e4? Yst\u00e4vyys, rohkeus ja orastava rakkaus joutuvat koetukselle, kun Lilja yst\u00e4vineen ajautuu kilpailevien valtakuntien &hellip; <a href=\"https:\/\/www.radiofiskars.fi\/wordpress\/2025\/01\/ulpu-maria-lehtinen-pimeyden-paimen\/\" class=\"more-link\">Jatka lukemista <span class=\"screen-reader-text\">Ulpu-Maria Lehtinen, Pimeyden paimen<\/span> <span class=\"meta-nav\">&rarr;<\/span><\/a><\/p>\n","protected":false},"author":2,"featured_media":0,"comment_status":"closed","ping_status":"closed","sticky":false,"template":"","format":"standard","meta":{"footnotes":""},"categories":[476,51],"tags":[1513,1511,1512,927,1509],"class_list":["post-9339","post","type-post","status-publish","format-standard","hentry","category-kirjallisuus","category-tapahtumataltioinnit","tag-kustantamo-ss","tag-pimeyden-paimen","tag-samu-kolehniemi","tag-tampereen-kirjafestarit","tag-ulpu-maria-lehtinen"],"_links":{"self":[{"href":"https:\/\/www.radiofiskars.fi\/wordpress\/wp-json\/wp\/v2\/posts\/9339","targetHints":{"allow":["GET"]}}],"collection":[{"href":"https:\/\/www.radiofiskars.fi\/wordpress\/wp-json\/wp\/v2\/posts"}],"about":[{"href":"https:\/\/www.radiofiskars.fi\/wordpress\/wp-json\/wp\/v2\/types\/post"}],"author":[{"embeddable":true,"href":"https:\/\/www.radiofiskars.fi\/wordpress\/wp-json\/wp\/v2\/users\/2"}],"replies":[{"embeddable":true,"href":"https:\/\/www.radiofiskars.fi\/wordpress\/wp-json\/wp\/v2\/comments?post=9339"}],"version-history":[{"count":6,"href":"https:\/\/www.radiofiskars.fi\/wordpress\/wp-json\/wp\/v2\/posts\/9339\/revisions"}],"predecessor-version":[{"id":9353,"href":"https:\/\/www.radiofiskars.fi\/wordpress\/wp-json\/wp\/v2\/posts\/9339\/revisions\/9353"}],"wp:attachment":[{"href":"https:\/\/www.radiofiskars.fi\/wordpress\/wp-json\/wp\/v2\/media?parent=9339"}],"wp:term":[{"taxonomy":"category","embeddable":true,"href":"https:\/\/www.radiofiskars.fi\/wordpress\/wp-json\/wp\/v2\/categories?post=9339"},{"taxonomy":"post_tag","embeddable":true,"href":"https:\/\/www.radiofiskars.fi\/wordpress\/wp-json\/wp\/v2\/tags?post=9339"}],"curies":[{"name":"wp","href":"https:\/\/api.w.org\/{rel}","templated":true}]}}