{"id":9476,"date":"2026-02-09T16:46:11","date_gmt":"2026-02-09T14:46:11","guid":{"rendered":"https:\/\/www.radiofiskars.fi\/wordpress\/?p=9476"},"modified":"2026-02-09T16:46:11","modified_gmt":"2026-02-09T14:46:11","slug":"satu-lepisto","status":"publish","type":"post","link":"https:\/\/www.radiofiskars.fi\/wordpress\/2026\/02\/satu-lepisto\/","title":{"rendered":"Satu Lepist\u00f6"},"content":{"rendered":"\n<figure class=\"wp-block-image size-full\"><a href=\"https:\/\/www.radiofiskars.fi\/wp-content\/uploads\/2025\/03\/Satu-Lepisto.jpeg\"><img loading=\"lazy\" decoding=\"async\" width=\"960\" height=\"639\" src=\"https:\/\/www.radiofiskars.fi\/wp-content\/uploads\/2025\/03\/Satu-Lepisto.jpeg\" alt=\"\" class=\"wp-image-9403\" srcset=\"https:\/\/www.radiofiskars.fi\/wp-content\/uploads\/2025\/03\/Satu-Lepisto.jpeg 960w, https:\/\/www.radiofiskars.fi\/wp-content\/uploads\/2025\/03\/Satu-Lepisto-300x200.jpeg 300w, https:\/\/www.radiofiskars.fi\/wp-content\/uploads\/2025\/03\/Satu-Lepisto-768x511.jpeg 768w\" sizes=\"auto, (max-width: 960px) 100vw, 960px\" \/><\/a><\/figure>\n\n\n\n<p><strong>Satu Lepist\u00f6 <\/strong>on Akaassa asuva kirjailija ja runoilija. Lepist\u00f6lt\u00e4 on julkaistu runoja ja proosaa ja h\u00e4n&nbsp; on ty\u00f6skennellyt kirjallisuusalalla monissa teht\u00e4viss\u00e4 mm. tapahtumatuottajana, sanataideopettajana, lavarunoilijana sek\u00e4 kustannustoimittajana. Lepist\u00f6\u00e4 kiinnostaa kuvan, sanan ja \u00e4\u00e4nen liitto ja h\u00e4n tekee mielell\u00e4\u00e4n kokeiluja eri taiteenlajien v\u00e4lill\u00e4.&nbsp;<\/p>\n\n\n\n<p>Satu Lepist\u00f6n esittely Kirjasammon sivuilla: <a href=\"https:\/\/www.kirjasampo.fi\/fi\/kulsa\/http%253A%252F%252Fwww.btj.fi%252Factor_Lepist%2525C3%2525B6%25252C%252BSatu\">https:\/\/www.kirjasampo.fi\/fi\/kulsa\/http%253A%252F%252Fwww.btj.fi%252Factor_Lepist%2525C3%2525B6%25252C%252BSatu<\/a><\/p>\n\n\n\n<p><\/p>\n<div class=\"powerpress_player\" id=\"powerpress_player_6449\"><audio class=\"wp-audio-shortcode\" id=\"audio-9476-1\" preload=\"none\" style=\"width: 100%;\" controls=\"controls\"><source type=\"audio\/mpeg\" src=\"https:\/\/www.radiofiskars.fi\/wp-content\/uploads\/2025\/03\/Kirjailijavartti-Satu-Lepisto.mp3?_=1\" \/><a href=\"https:\/\/www.radiofiskars.fi\/wp-content\/uploads\/2025\/03\/Kirjailijavartti-Satu-Lepisto.mp3\">https:\/\/www.radiofiskars.fi\/wp-content\/uploads\/2025\/03\/Kirjailijavartti-Satu-Lepisto.mp3<\/a><\/audio><\/div><p class=\"powerpress_links powerpress_links_mp3\" style=\"margin-bottom: 1px !important;\">Podcast: <a href=\"https:\/\/www.radiofiskars.fi\/wp-content\/uploads\/2025\/03\/Kirjailijavartti-Satu-Lepisto.mp3\" class=\"powerpress_link_pinw\" target=\"_blank\" title=\"Play in new window\" onclick=\"return powerpress_pinw('https:\/\/www.radiofiskars.fi\/wordpress\/?powerpress_pinw=9476-podcast');\" rel=\"nofollow\">Play in new window<\/a><\/p><!--powerpress_player-->","protected":false},"excerpt":{"rendered":"<p>Satu Lepist\u00f6 on Akaassa asuva kirjailija ja runoilija. Lepist\u00f6lt\u00e4 on julkaistu runoja ja proosaa ja h\u00e4n&nbsp; on ty\u00f6skennellyt kirjallisuusalalla monissa teht\u00e4viss\u00e4 mm. tapahtumatuottajana, sanataideopettajana, lavarunoilijana sek\u00e4 kustannustoimittajana. Lepist\u00f6\u00e4 kiinnostaa kuvan, sanan ja \u00e4\u00e4nen liitto ja h\u00e4n tekee mielell\u00e4\u00e4n kokeiluja eri taiteenlajien v\u00e4lill\u00e4.&nbsp; Satu Lepist\u00f6n esittely Kirjasammon sivuilla: https:\/\/www.kirjasampo.fi\/fi\/kulsa\/http%253A%252F%252Fwww.btj.fi%252Factor_Lepist%2525C3%2525B6%25252C%252BSatu https:\/\/www.radiofiskars.fi\/wp-content\/uploads\/2025\/03\/Kirjailijavartti-Satu-Lepisto.mp3 Podcast: Play in new window<\/p>\n","protected":false},"author":2,"featured_media":0,"comment_status":"closed","ping_status":"closed","sticky":false,"template":"","format":"standard","meta":{"footnotes":""},"categories":[1696],"tags":[1748],"class_list":["post-9476","post","type-post","status-publish","format-standard","hentry","category-pirkkalaiskirjailijat","tag-satu-lepisto"],"_links":{"self":[{"href":"https:\/\/www.radiofiskars.fi\/wordpress\/wp-json\/wp\/v2\/posts\/9476","targetHints":{"allow":["GET"]}}],"collection":[{"href":"https:\/\/www.radiofiskars.fi\/wordpress\/wp-json\/wp\/v2\/posts"}],"about":[{"href":"https:\/\/www.radiofiskars.fi\/wordpress\/wp-json\/wp\/v2\/types\/post"}],"author":[{"embeddable":true,"href":"https:\/\/www.radiofiskars.fi\/wordpress\/wp-json\/wp\/v2\/users\/2"}],"replies":[{"embeddable":true,"href":"https:\/\/www.radiofiskars.fi\/wordpress\/wp-json\/wp\/v2\/comments?post=9476"}],"version-history":[{"count":4,"href":"https:\/\/www.radiofiskars.fi\/wordpress\/wp-json\/wp\/v2\/posts\/9476\/revisions"}],"predecessor-version":[{"id":10610,"href":"https:\/\/www.radiofiskars.fi\/wordpress\/wp-json\/wp\/v2\/posts\/9476\/revisions\/10610"}],"wp:attachment":[{"href":"https:\/\/www.radiofiskars.fi\/wordpress\/wp-json\/wp\/v2\/media?parent=9476"}],"wp:term":[{"taxonomy":"category","embeddable":true,"href":"https:\/\/www.radiofiskars.fi\/wordpress\/wp-json\/wp\/v2\/categories?post=9476"},{"taxonomy":"post_tag","embeddable":true,"href":"https:\/\/www.radiofiskars.fi\/wordpress\/wp-json\/wp\/v2\/tags?post=9476"}],"curies":[{"name":"wp","href":"https:\/\/api.w.org\/{rel}","templated":true}]}}