{"id":9482,"date":"2026-02-09T16:45:15","date_gmt":"2026-02-09T14:45:15","guid":{"rendered":"https:\/\/www.radiofiskars.fi\/wordpress\/?p=9482"},"modified":"2026-02-12T09:49:09","modified_gmt":"2026-02-12T07:49:09","slug":"ulpu-maria-lehtinen","status":"publish","type":"post","link":"https:\/\/www.radiofiskars.fi\/wordpress\/2026\/02\/ulpu-maria-lehtinen\/","title":{"rendered":"Ulpu-Maria Lehtinen"},"content":{"rendered":"<div class=\"wp-block-image\">\n<figure class=\"aligncenter size-large is-resized\"><a href=\"https:\/\/www.radiofiskars.fi\/wp-content\/uploads\/2025\/03\/Ulpu-Maria-Lehtinen.jpg\"><img loading=\"lazy\" decoding=\"async\" width=\"768\" height=\"1024\" src=\"https:\/\/www.radiofiskars.fi\/wp-content\/uploads\/2025\/03\/Ulpu-Maria-Lehtinen-768x1024.jpg\" alt=\"\" class=\"wp-image-9407\" style=\"aspect-ratio:0.7500000180506184;width:275px;height:auto\" srcset=\"https:\/\/www.radiofiskars.fi\/wp-content\/uploads\/2025\/03\/Ulpu-Maria-Lehtinen-768x1024.jpg 768w, https:\/\/www.radiofiskars.fi\/wp-content\/uploads\/2025\/03\/Ulpu-Maria-Lehtinen-225x300.jpg 225w, https:\/\/www.radiofiskars.fi\/wp-content\/uploads\/2025\/03\/Ulpu-Maria-Lehtinen-1152x1536.jpg 1152w, https:\/\/www.radiofiskars.fi\/wp-content\/uploads\/2025\/03\/Ulpu-Maria-Lehtinen-1536x2048.jpg 1536w, https:\/\/www.radiofiskars.fi\/wp-content\/uploads\/2025\/03\/Ulpu-Maria-Lehtinen.jpg 1920w\" sizes=\"auto, (max-width: 768px) 100vw, 768px\" \/><\/a><figcaption class=\"wp-element-caption\">Kirjailija Ulpu-Maria Lehtinen<\/figcaption><\/figure>\n<\/div>\n\n\n<p>Tampereella asuva <strong>Ulpu-Maria Lehtinen<\/strong> on kirjailija, sarjakuvataiteilija ja k\u00e4sikirjoittaja. H\u00e4n on kotoisin Ylivieskasta Pohjois-Pohjanmaalta. Esikoisromaani <em>Kalmanperhon kutsu<\/em> (2022) aloitti Kalmanperho-trilogian ja oli mukana vuoden parhaalle kotimaiselle fantasiakirjalle my\u00f6nnett\u00e4v\u00e4n Kuvastaja-palkinnon finaalissa. Kirjoittamisen lis\u00e4ksi Lehtinen piirt\u00e4\u00e4 <em>Almost True Stories <\/em>-sarjakuvaa, joka kertoo arkisista kommelluksista ja el\u00e4m\u00e4ss\u00e4 selvi\u00e4misest\u00e4.<\/p>\n\n\n\n<p>Instagram ja Tiktok l\u00f6ytyv\u00e4t nimell\u00e4 @ulpu.lehtinen <a href=\"https:\/\/www.instagram.com\/ulpu.lehtinen\/\">https:\/\/www.instagram.com\/ulpu.lehtinen\/#<\/a><\/p>\n\n\n\n<p>Radiofiskarsissa<\/p>\n\n\n\n<p>2025<\/p>\n\n\n\n<p><a href=\"https:\/\/www.radiofiskars.fi\/wordpress\/2025\/01\/ulpu-maria-lehtinen-pimeyden-paimen\/\">Ulpu-Maria Lehtinen, Pimeyden paimen<\/a><\/p>\n\n\n\n<blockquote class=\"wp-block-quote is-layout-flow wp-block-quote-is-layout-flow\">\n<p><\/p>\n<\/blockquote>\n<div class=\"powerpress_player\" id=\"powerpress_player_5648\"><audio class=\"wp-audio-shortcode\" id=\"audio-9482-1\" preload=\"none\" style=\"width: 100%;\" controls=\"controls\"><source type=\"audio\/mpeg\" src=\"https:\/\/www.radiofiskars.fi\/wp-content\/uploads\/2025\/03\/Kirjailijavartti-Ulpu-Maria-Lehtinen.mp3?_=1\" \/><a href=\"https:\/\/www.radiofiskars.fi\/wp-content\/uploads\/2025\/03\/Kirjailijavartti-Ulpu-Maria-Lehtinen.mp3\">https:\/\/www.radiofiskars.fi\/wp-content\/uploads\/2025\/03\/Kirjailijavartti-Ulpu-Maria-Lehtinen.mp3<\/a><\/audio><\/div><p class=\"powerpress_links powerpress_links_mp3\" style=\"margin-bottom: 1px !important;\">Podcast: <a href=\"https:\/\/www.radiofiskars.fi\/wp-content\/uploads\/2025\/03\/Kirjailijavartti-Ulpu-Maria-Lehtinen.mp3\" class=\"powerpress_link_pinw\" target=\"_blank\" title=\"Play in new window\" onclick=\"return powerpress_pinw('https:\/\/www.radiofiskars.fi\/wordpress\/?powerpress_pinw=9482-podcast');\" rel=\"nofollow\">Play in new window<\/a><\/p><!--powerpress_player-->","protected":false},"excerpt":{"rendered":"<p>Tampereella asuva Ulpu-Maria Lehtinen on kirjailija, sarjakuvataiteilija ja k\u00e4sikirjoittaja. H\u00e4n on kotoisin Ylivieskasta Pohjois-Pohjanmaalta. Esikoisromaani Kalmanperhon kutsu (2022) aloitti Kalmanperho-trilogian ja oli mukana vuoden parhaalle kotimaiselle fantasiakirjalle my\u00f6nnett\u00e4v\u00e4n Kuvastaja-palkinnon finaalissa. Kirjoittamisen lis\u00e4ksi Lehtinen piirt\u00e4\u00e4 Almost True Stories -sarjakuvaa, joka kertoo arkisista kommelluksista ja el\u00e4m\u00e4ss\u00e4 selvi\u00e4misest\u00e4. Instagram ja Tiktok l\u00f6ytyv\u00e4t nimell\u00e4 @ulpu.lehtinen https:\/\/www.instagram.com\/ulpu.lehtinen\/# Radiofiskarsissa 2025 Ulpu-Maria &hellip; <a href=\"https:\/\/www.radiofiskars.fi\/wordpress\/2026\/02\/ulpu-maria-lehtinen\/\" class=\"more-link\">Jatka lukemista <span class=\"screen-reader-text\">Ulpu-Maria Lehtinen<\/span> <span class=\"meta-nav\">&rarr;<\/span><\/a><\/p>\n","protected":false},"author":2,"featured_media":0,"comment_status":"closed","ping_status":"closed","sticky":false,"template":"","format":"standard","meta":{"footnotes":""},"categories":[1696],"tags":[1509],"class_list":["post-9482","post","type-post","status-publish","format-standard","hentry","category-pirkkalaiskirjailijat","tag-ulpu-maria-lehtinen"],"_links":{"self":[{"href":"https:\/\/www.radiofiskars.fi\/wordpress\/wp-json\/wp\/v2\/posts\/9482","targetHints":{"allow":["GET"]}}],"collection":[{"href":"https:\/\/www.radiofiskars.fi\/wordpress\/wp-json\/wp\/v2\/posts"}],"about":[{"href":"https:\/\/www.radiofiskars.fi\/wordpress\/wp-json\/wp\/v2\/types\/post"}],"author":[{"embeddable":true,"href":"https:\/\/www.radiofiskars.fi\/wordpress\/wp-json\/wp\/v2\/users\/2"}],"replies":[{"embeddable":true,"href":"https:\/\/www.radiofiskars.fi\/wordpress\/wp-json\/wp\/v2\/comments?post=9482"}],"version-history":[{"count":5,"href":"https:\/\/www.radiofiskars.fi\/wordpress\/wp-json\/wp\/v2\/posts\/9482\/revisions"}],"predecessor-version":[{"id":10729,"href":"https:\/\/www.radiofiskars.fi\/wordpress\/wp-json\/wp\/v2\/posts\/9482\/revisions\/10729"}],"wp:attachment":[{"href":"https:\/\/www.radiofiskars.fi\/wordpress\/wp-json\/wp\/v2\/media?parent=9482"}],"wp:term":[{"taxonomy":"category","embeddable":true,"href":"https:\/\/www.radiofiskars.fi\/wordpress\/wp-json\/wp\/v2\/categories?post=9482"},{"taxonomy":"post_tag","embeddable":true,"href":"https:\/\/www.radiofiskars.fi\/wordpress\/wp-json\/wp\/v2\/tags?post=9482"}],"curies":[{"name":"wp","href":"https:\/\/api.w.org\/{rel}","templated":true}]}}