{"id":9766,"date":"2025-10-31T14:09:59","date_gmt":"2025-10-31T12:09:59","guid":{"rendered":"https:\/\/www.radiofiskars.fi\/wordpress\/?p=9766"},"modified":"2025-12-17T16:14:38","modified_gmt":"2025-12-17T14:14:38","slug":"minna-castren-paivi-lukkarila-roleff-krakstrom-kirjabisnes-arvobisnes","status":"publish","type":"post","link":"https:\/\/www.radiofiskars.fi\/wordpress\/2025\/10\/minna-castren-paivi-lukkarila-roleff-krakstrom-kirjabisnes-arvobisnes\/","title":{"rendered":"MINNA CASTR\u00c9N, P\u00c4IVI LUKKARILA, ROLEFF KR\u00c5KSTR\u00d6M: Kirjabisnes, arvobisnes."},"content":{"rendered":"\n<p>Mit\u00e4 tehd\u00e4\u00e4n, kun tehd\u00e4\u00e4n kirjoja? Kirjat muuttavat ihmisten el\u00e4m\u00e4\u00e4, lasten ja aikuisten. Kirjoista bisneksen\u00e4 keskustelemassa kustantaja <strong>Minna Castr\u00e9n<\/strong>, kirjailija ja kustantaja <strong>P\u00e4ivi Lukkarila<\/strong> ja <em>Muumi-<\/em>yhti\u00f6n toimitusjohtaja <strong>Roleff Kr\u00e5kstr\u00f6m<\/strong>. Haastattelijana <strong>Vilja-Tuulia Huotarinen<\/strong>.<\/p>\n\n\n\n<figure class=\"wp-block-image size-large\"><a href=\"https:\/\/www.radiofiskars.fi\/wp-content\/uploads\/2025\/10\/Kirjabisnes.jpg\"><img loading=\"lazy\" decoding=\"async\" width=\"1024\" height=\"589\" src=\"https:\/\/www.radiofiskars.fi\/wp-content\/uploads\/2025\/10\/Kirjabisnes-1024x589.jpg\" alt=\"\" class=\"wp-image-9747\" srcset=\"https:\/\/www.radiofiskars.fi\/wp-content\/uploads\/2025\/10\/Kirjabisnes-1024x589.jpg 1024w, https:\/\/www.radiofiskars.fi\/wp-content\/uploads\/2025\/10\/Kirjabisnes-300x173.jpg 300w, https:\/\/www.radiofiskars.fi\/wp-content\/uploads\/2025\/10\/Kirjabisnes-768x442.jpg 768w, https:\/\/www.radiofiskars.fi\/wp-content\/uploads\/2025\/10\/Kirjabisnes-1536x883.jpg 1536w, https:\/\/www.radiofiskars.fi\/wp-content\/uploads\/2025\/10\/Kirjabisnes-2048x1178.jpg 2048w\" sizes=\"auto, (max-width: 1024px) 100vw, 1024px\" \/><\/a><figcaption class=\"wp-element-caption\">Vilja-Tuulia Huotarinen, Roleff Kr\u00e5kstr\u00f6m, Minna Castr\u00e9n ja P\u00e4ivi Lukkarila. Kuva J. K. Ihalainen.<\/figcaption><\/figure>\n\n\n\n<p>Ohjelmataltiointi Logomo, Turun Kirjamessut 3.\u20135.10.2025.<\/p>\n<div class=\"powerpress_player\" id=\"powerpress_player_4844\"><audio class=\"wp-audio-shortcode\" id=\"audio-9766-1\" preload=\"none\" style=\"width: 100%;\" controls=\"controls\"><source type=\"audio\/mpeg\" src=\"https:\/\/www.radiofiskars.fi\/wp-content\/uploads\/2025\/10\/Kirjabisnes-Arvobisnes-finsh.mp3?_=1\" \/><a href=\"https:\/\/www.radiofiskars.fi\/wp-content\/uploads\/2025\/10\/Kirjabisnes-Arvobisnes-finsh.mp3\">https:\/\/www.radiofiskars.fi\/wp-content\/uploads\/2025\/10\/Kirjabisnes-Arvobisnes-finsh.mp3<\/a><\/audio><\/div><p class=\"powerpress_links powerpress_links_mp3\" style=\"margin-bottom: 1px !important;\">Podcast: <a href=\"https:\/\/www.radiofiskars.fi\/wp-content\/uploads\/2025\/10\/Kirjabisnes-Arvobisnes-finsh.mp3\" class=\"powerpress_link_pinw\" target=\"_blank\" title=\"Play in new window\" onclick=\"return powerpress_pinw('https:\/\/www.radiofiskars.fi\/wordpress\/?powerpress_pinw=9766-podcast');\" rel=\"nofollow\">Play in new window<\/a><\/p><!--powerpress_player-->","protected":false},"excerpt":{"rendered":"<p>Mit\u00e4 tehd\u00e4\u00e4n, kun tehd\u00e4\u00e4n kirjoja? Kirjat muuttavat ihmisten el\u00e4m\u00e4\u00e4, lasten ja aikuisten. Kirjoista bisneksen\u00e4 keskustelemassa kustantaja Minna Castr\u00e9n, kirjailija ja kustantaja P\u00e4ivi Lukkarila ja Muumi-yhti\u00f6n toimitusjohtaja Roleff Kr\u00e5kstr\u00f6m. Haastattelijana Vilja-Tuulia Huotarinen. Ohjelmataltiointi Logomo, Turun Kirjamessut 3.\u20135.10.2025. https:\/\/www.radiofiskars.fi\/wp-content\/uploads\/2025\/10\/Kirjabisnes-Arvobisnes-finsh.mp3 Podcast: Play in new window<\/p>\n","protected":false},"author":2,"featured_media":0,"comment_status":"closed","ping_status":"closed","sticky":true,"template":"","format":"standard","meta":{"footnotes":""},"categories":[476,51],"tags":[1613,1598,941,1599,59,1110],"class_list":["post-9766","post","type-post","status-publish","format-standard","hentry","category-kirjallisuus","category-tapahtumataltioinnit","tag-logomo","tag-minna-castren","tag-paivi-lukkarila","tag-roleff-krakstrom","tag-turun-kirjamessut","tag-vilja-tuulia-huotarinen"],"_links":{"self":[{"href":"https:\/\/www.radiofiskars.fi\/wordpress\/wp-json\/wp\/v2\/posts\/9766","targetHints":{"allow":["GET"]}}],"collection":[{"href":"https:\/\/www.radiofiskars.fi\/wordpress\/wp-json\/wp\/v2\/posts"}],"about":[{"href":"https:\/\/www.radiofiskars.fi\/wordpress\/wp-json\/wp\/v2\/types\/post"}],"author":[{"embeddable":true,"href":"https:\/\/www.radiofiskars.fi\/wordpress\/wp-json\/wp\/v2\/users\/2"}],"replies":[{"embeddable":true,"href":"https:\/\/www.radiofiskars.fi\/wordpress\/wp-json\/wp\/v2\/comments?post=9766"}],"version-history":[{"count":5,"href":"https:\/\/www.radiofiskars.fi\/wordpress\/wp-json\/wp\/v2\/posts\/9766\/revisions"}],"predecessor-version":[{"id":9835,"href":"https:\/\/www.radiofiskars.fi\/wordpress\/wp-json\/wp\/v2\/posts\/9766\/revisions\/9835"}],"wp:attachment":[{"href":"https:\/\/www.radiofiskars.fi\/wordpress\/wp-json\/wp\/v2\/media?parent=9766"}],"wp:term":[{"taxonomy":"category","embeddable":true,"href":"https:\/\/www.radiofiskars.fi\/wordpress\/wp-json\/wp\/v2\/categories?post=9766"},{"taxonomy":"post_tag","embeddable":true,"href":"https:\/\/www.radiofiskars.fi\/wordpress\/wp-json\/wp\/v2\/tags?post=9766"}],"curies":[{"name":"wp","href":"https:\/\/api.w.org\/{rel}","templated":true}]}}