{"id":9786,"date":"2025-10-24T10:55:18","date_gmt":"2025-10-24T07:55:18","guid":{"rendered":"https:\/\/www.radiofiskars.fi\/wordpress\/?p=9786"},"modified":"2025-12-17T16:15:29","modified_gmt":"2025-12-17T14:15:29","slug":"jos-ja-kun-paattajakeskustelu-kotimaisen-kirjallisuuden-tulevaisuudesta","status":"publish","type":"post","link":"https:\/\/www.radiofiskars.fi\/wordpress\/2025\/10\/jos-ja-kun-paattajakeskustelu-kotimaisen-kirjallisuuden-tulevaisuudesta\/","title":{"rendered":"Jos ja kun &#8211; p\u00e4\u00e4tt\u00e4j\u00e4keskustelu kotimaisen kirjallisuuden tulevaisuudesta"},"content":{"rendered":"\n<p>Jos Suomessa alettaisiin nyt rakentaa kirjallisuuden tekij\u00f6iden ty\u00f6lle edellytyksi\u00e4, mit\u00e4 pit\u00e4isi ottaa huomioon? Mik\u00e4 nykyisess\u00e4 lains\u00e4\u00e4d\u00e4nn\u00f6ss\u00e4 ontuu? Mit\u00e4 ei ole tarvetta korjata? P\u00e4\u00e4tt\u00e4jien vastauksia puntaroi arvovaltainen kirjallisuuden tekij\u00f6iden raati. <strong>Eeva-Johanna Eloranta, Ville Valkonen, Markus Hotakainen <\/strong>ja<strong> Kaijamari Sivill<\/strong>. Juontaja <strong>Karo H\u00e4m\u00e4l\u00e4inen<\/strong>.<\/p>\n\n\n\n<figure class=\"wp-block-image size-large\"><a href=\"https:\/\/www.radiofiskars.fi\/wp-content\/uploads\/2025\/10\/Karo.jpg\"><img loading=\"lazy\" decoding=\"async\" width=\"1024\" height=\"905\" src=\"https:\/\/www.radiofiskars.fi\/wp-content\/uploads\/2025\/10\/Karo-1024x905.jpg\" alt=\"\" class=\"wp-image-9746\" srcset=\"https:\/\/www.radiofiskars.fi\/wp-content\/uploads\/2025\/10\/Karo-1024x905.jpg 1024w, https:\/\/www.radiofiskars.fi\/wp-content\/uploads\/2025\/10\/Karo-300x265.jpg 300w, https:\/\/www.radiofiskars.fi\/wp-content\/uploads\/2025\/10\/Karo-768x678.jpg 768w, https:\/\/www.radiofiskars.fi\/wp-content\/uploads\/2025\/10\/Karo-1536x1357.jpg 1536w, https:\/\/www.radiofiskars.fi\/wp-content\/uploads\/2025\/10\/Karo.jpg 1792w\" sizes=\"auto, (max-width: 1024px) 100vw, 1024px\" \/><\/a><figcaption class=\"wp-element-caption\">Eeva-Johanna Eloranta, Ville Valkonen, Karo H\u00e4m\u00e4l\u00e4inen, Kaijamari Sivill ja Markus Hotakainen. Kuva J. K. Ihalainen.<\/figcaption><\/figure>\n\n\n\n<p>Tuotanto Sanasto.<\/p>\n\n\n\n<p>Ohjelmataltiointi Logomo, Turun Kirjamessut 3.\u20135.10.2025.<\/p>\n\n\n\n<p><\/p>\n<div class=\"powerpress_player\" id=\"powerpress_player_7291\"><audio class=\"wp-audio-shortcode\" id=\"audio-9786-1\" preload=\"none\" style=\"width: 100%;\" controls=\"controls\"><source type=\"audio\/mpeg\" src=\"https:\/\/www.radiofiskars.fi\/wp-content\/uploads\/2025\/10\/Jos-ja-kun-finsh-23.10.mp3?_=1\" \/><a href=\"https:\/\/www.radiofiskars.fi\/wp-content\/uploads\/2025\/10\/Jos-ja-kun-finsh-23.10.mp3\">https:\/\/www.radiofiskars.fi\/wp-content\/uploads\/2025\/10\/Jos-ja-kun-finsh-23.10.mp3<\/a><\/audio><\/div><p class=\"powerpress_links powerpress_links_mp3\" style=\"margin-bottom: 1px !important;\">Podcast: <a href=\"https:\/\/www.radiofiskars.fi\/wp-content\/uploads\/2025\/10\/Jos-ja-kun-finsh-23.10.mp3\" class=\"powerpress_link_pinw\" target=\"_blank\" title=\"Play in new window\" onclick=\"return powerpress_pinw('https:\/\/www.radiofiskars.fi\/wordpress\/?powerpress_pinw=9786-podcast');\" rel=\"nofollow\">Play in new window<\/a><\/p><!--powerpress_player-->","protected":false},"excerpt":{"rendered":"<p>Jos Suomessa alettaisiin nyt rakentaa kirjallisuuden tekij\u00f6iden ty\u00f6lle edellytyksi\u00e4, mit\u00e4 pit\u00e4isi ottaa huomioon? Mik\u00e4 nykyisess\u00e4 lains\u00e4\u00e4d\u00e4nn\u00f6ss\u00e4 ontuu? Mit\u00e4 ei ole tarvetta korjata? P\u00e4\u00e4tt\u00e4jien vastauksia puntaroi arvovaltainen kirjallisuuden tekij\u00f6iden raati. Eeva-Johanna Eloranta, Ville Valkonen, Markus Hotakainen ja Kaijamari Sivill. Juontaja Karo H\u00e4m\u00e4l\u00e4inen. Tuotanto Sanasto. Ohjelmataltiointi Logomo, Turun Kirjamessut 3.\u20135.10.2025. https:\/\/www.radiofiskars.fi\/wp-content\/uploads\/2025\/10\/Jos-ja-kun-finsh-23.10.mp3 Podcast: Play in new window<\/p>\n","protected":false},"author":2,"featured_media":0,"comment_status":"closed","ping_status":"closed","sticky":true,"template":"","format":"standard","meta":{"footnotes":""},"categories":[476,51],"tags":[1604,1607,1608,1606,1603,1605],"class_list":["post-9786","post","type-post","status-publish","format-standard","hentry","category-kirjallisuus","category-tapahtumataltioinnit","tag-eeva-johanna-eloranta","tag-kaijamari-sivill","tag-karo-hamalainen","tag-markus-hotakainen","tag-sanasto","tag-ville-valkonen"],"_links":{"self":[{"href":"https:\/\/www.radiofiskars.fi\/wordpress\/wp-json\/wp\/v2\/posts\/9786","targetHints":{"allow":["GET"]}}],"collection":[{"href":"https:\/\/www.radiofiskars.fi\/wordpress\/wp-json\/wp\/v2\/posts"}],"about":[{"href":"https:\/\/www.radiofiskars.fi\/wordpress\/wp-json\/wp\/v2\/types\/post"}],"author":[{"embeddable":true,"href":"https:\/\/www.radiofiskars.fi\/wordpress\/wp-json\/wp\/v2\/users\/2"}],"replies":[{"embeddable":true,"href":"https:\/\/www.radiofiskars.fi\/wordpress\/wp-json\/wp\/v2\/comments?post=9786"}],"version-history":[{"count":6,"href":"https:\/\/www.radiofiskars.fi\/wordpress\/wp-json\/wp\/v2\/posts\/9786\/revisions"}],"predecessor-version":[{"id":9794,"href":"https:\/\/www.radiofiskars.fi\/wordpress\/wp-json\/wp\/v2\/posts\/9786\/revisions\/9794"}],"wp:attachment":[{"href":"https:\/\/www.radiofiskars.fi\/wordpress\/wp-json\/wp\/v2\/media?parent=9786"}],"wp:term":[{"taxonomy":"category","embeddable":true,"href":"https:\/\/www.radiofiskars.fi\/wordpress\/wp-json\/wp\/v2\/categories?post=9786"},{"taxonomy":"post_tag","embeddable":true,"href":"https:\/\/www.radiofiskars.fi\/wordpress\/wp-json\/wp\/v2\/tags?post=9786"}],"curies":[{"name":"wp","href":"https:\/\/api.w.org\/{rel}","templated":true}]}}