{"id":9821,"date":"2025-10-29T20:06:50","date_gmt":"2025-10-29T18:06:50","guid":{"rendered":"https:\/\/www.radiofiskars.fi\/wordpress\/?p=9821"},"modified":"2025-12-17T16:14:53","modified_gmt":"2025-12-17T14:14:53","slug":"maxim-fedorov-itsenaisyydesta-itsenaisyyteen","status":"publish","type":"post","link":"https:\/\/www.radiofiskars.fi\/wordpress\/2025\/10\/maxim-fedorov-itsenaisyydesta-itsenaisyyteen\/","title":{"rendered":"Maxim Fedorov: Itsen\u00e4isyydest\u00e4 itsen\u00e4isyyteen"},"content":{"rendered":"\n<p>Tunnettu toimittaja-kirjailija<strong> Maxim Fedorov<\/strong> tarkastelee l\u00e4mpim\u00e4sti ja oivaltavasti kahta kotimaataan, joiden tarinat ovat erilaisia mutta joissa on paljon yhtenev\u00e4isyyksi\u00e4.&nbsp;<\/p>\n\n\n\n<figure class=\"wp-block-gallery has-nested-images columns-default is-cropped wp-block-gallery-1 is-layout-flex wp-block-gallery-is-layout-flex\">\n<figure class=\"wp-block-image size-large\"><a href=\"https:\/\/www.radiofiskars.fi\/wp-content\/uploads\/2025\/10\/Ukraina1-scaled.jpg\"><img loading=\"lazy\" decoding=\"async\" width=\"768\" height=\"1024\" data-id=\"9731\" src=\"https:\/\/www.radiofiskars.fi\/wp-content\/uploads\/2025\/10\/Ukraina1-768x1024.jpg\" alt=\"\" class=\"wp-image-9731\" srcset=\"https:\/\/www.radiofiskars.fi\/wp-content\/uploads\/2025\/10\/Ukraina1-768x1024.jpg 768w, https:\/\/www.radiofiskars.fi\/wp-content\/uploads\/2025\/10\/Ukraina1-225x300.jpg 225w, https:\/\/www.radiofiskars.fi\/wp-content\/uploads\/2025\/10\/Ukraina1-1152x1536.jpg 1152w, https:\/\/www.radiofiskars.fi\/wp-content\/uploads\/2025\/10\/Ukraina1-1536x2048.jpg 1536w, https:\/\/www.radiofiskars.fi\/wp-content\/uploads\/2025\/10\/Ukraina1-scaled.jpg 1920w\" sizes=\"auto, (max-width: 768px) 100vw, 768px\" \/><\/a><\/figure>\n\n\n\n<figure class=\"wp-block-image size-large\"><a href=\"https:\/\/www.radiofiskars.fi\/wp-content\/uploads\/2025\/10\/Ukraina2-scaled.jpg\"><img loading=\"lazy\" decoding=\"async\" width=\"768\" height=\"1024\" data-id=\"9730\" src=\"https:\/\/www.radiofiskars.fi\/wp-content\/uploads\/2025\/10\/Ukraina2-768x1024.jpg\" alt=\"\" class=\"wp-image-9730\" srcset=\"https:\/\/www.radiofiskars.fi\/wp-content\/uploads\/2025\/10\/Ukraina2-768x1024.jpg 768w, https:\/\/www.radiofiskars.fi\/wp-content\/uploads\/2025\/10\/Ukraina2-225x300.jpg 225w, https:\/\/www.radiofiskars.fi\/wp-content\/uploads\/2025\/10\/Ukraina2-1152x1536.jpg 1152w, https:\/\/www.radiofiskars.fi\/wp-content\/uploads\/2025\/10\/Ukraina2-1536x2048.jpg 1536w, https:\/\/www.radiofiskars.fi\/wp-content\/uploads\/2025\/10\/Ukraina2-scaled.jpg 1920w\" sizes=\"auto, (max-width: 768px) 100vw, 768px\" \/><\/a><figcaption class=\"wp-element-caption\">Kuva J. K. Ihalainen.<\/figcaption><\/figure>\n\n\n\n<figure class=\"wp-block-image size-large\"><a href=\"https:\/\/www.radiofiskars.fi\/wp-content\/uploads\/2025\/10\/Ukraina3-scaled.jpg\"><img loading=\"lazy\" decoding=\"async\" width=\"768\" height=\"1024\" data-id=\"9729\" src=\"https:\/\/www.radiofiskars.fi\/wp-content\/uploads\/2025\/10\/Ukraina3-768x1024.jpg\" alt=\"\" class=\"wp-image-9729\" srcset=\"https:\/\/www.radiofiskars.fi\/wp-content\/uploads\/2025\/10\/Ukraina3-768x1024.jpg 768w, https:\/\/www.radiofiskars.fi\/wp-content\/uploads\/2025\/10\/Ukraina3-225x300.jpg 225w, https:\/\/www.radiofiskars.fi\/wp-content\/uploads\/2025\/10\/Ukraina3-1152x1536.jpg 1152w, https:\/\/www.radiofiskars.fi\/wp-content\/uploads\/2025\/10\/Ukraina3-1536x2048.jpg 1536w, https:\/\/www.radiofiskars.fi\/wp-content\/uploads\/2025\/10\/Ukraina3-scaled.jpg 1920w\" sizes=\"auto, (max-width: 768px) 100vw, 768px\" \/><\/a><\/figure>\n<\/figure>\n\n\n\n<p>Ven\u00e4j\u00e4n rajanaapurit Suomi ja Ukraina itsen\u00e4istyiv\u00e4t samoihin aikoihin Ven\u00e4j\u00e4n keisarikunnan hajottua 1917, mutta vain Suomi onnistui s\u00e4ilytt\u00e4m\u00e4\u00e4n itsen\u00e4isyyden. Ukraina j\u00e4i Neuvostoliiton hampaisiin ja sai odottaa uutta itsen\u00e4isyytt\u00e4\u00e4n yli 70 vuotta.&nbsp;<\/p>\n\n\n\n<p>Suomella ja Ukrainalla oli kuitenkin koko ajan yll\u00e4tt\u00e4v\u00e4n paljon yhteyksi\u00e4 alkaen aktiivisesta yst\u00e4vyyskaupunkitoiminnasta ja kulttuurivaihdosta aina matkailun tuomiin henkil\u00f6kohtaisiin kontakteihin. My\u00f6s politiikassa maiden v\u00e4liss\u00e4 oli suoria yhteyksi\u00e4: Mannerheim piti kirjeitse yhteytt\u00e4 Ukrainan hetmaniin Skoropadskyiin ja mailla oli diplomaattisuhteet sek\u00e4 l\u00e4hetyst\u00f6t lyhyen aikaa 1910-luvun lopussa. Suomen ja Ukrainan polut yhtyv\u00e4t 1900-luvulla monin ennest\u00e4\u00e4n tuntemattomin tavoin. Haastattelija <strong>Mia Halonen<\/strong>, juontaja <strong>Kalle Talonen<\/strong>.<\/p>\n\n\n<div class=\"wp-block-image\">\n<figure class=\"aligncenter size-large is-resized\"><a href=\"https:\/\/www.radiofiskars.fi\/wp-content\/uploads\/2025\/10\/9789528503606_frontcover_final-768x1220-1.jpg\"><img loading=\"lazy\" decoding=\"async\" width=\"645\" height=\"1024\" src=\"https:\/\/www.radiofiskars.fi\/wp-content\/uploads\/2025\/10\/9789528503606_frontcover_final-768x1220-1-645x1024.jpg\" alt=\"\" class=\"wp-image-9824\" style=\"width:245px;height:auto\" srcset=\"https:\/\/www.radiofiskars.fi\/wp-content\/uploads\/2025\/10\/9789528503606_frontcover_final-768x1220-1-645x1024.jpg 645w, https:\/\/www.radiofiskars.fi\/wp-content\/uploads\/2025\/10\/9789528503606_frontcover_final-768x1220-1-189x300.jpg 189w, https:\/\/www.radiofiskars.fi\/wp-content\/uploads\/2025\/10\/9789528503606_frontcover_final-768x1220-1.jpg 768w\" sizes=\"auto, (max-width: 645px) 100vw, 645px\" \/><\/a><\/figure>\n<\/div>\n\n\n<p>Ohjelmataltiointi Logomo, Turun Kirjamessut 3.\u20135.10.2025.<\/p>\n<div class=\"powerpress_player\" id=\"powerpress_player_5004\"><audio class=\"wp-audio-shortcode\" id=\"audio-9821-1\" preload=\"none\" style=\"width: 100%;\" controls=\"controls\"><source type=\"audio\/mpeg\" src=\"https:\/\/www.radiofiskars.fi\/wp-content\/uploads\/2025\/10\/Maxim-Fedorov-FINSH.mp3?_=1\" \/><a href=\"https:\/\/www.radiofiskars.fi\/wp-content\/uploads\/2025\/10\/Maxim-Fedorov-FINSH.mp3\">https:\/\/www.radiofiskars.fi\/wp-content\/uploads\/2025\/10\/Maxim-Fedorov-FINSH.mp3<\/a><\/audio><\/div><p class=\"powerpress_links powerpress_links_mp3\" style=\"margin-bottom: 1px !important;\">Podcast: <a href=\"https:\/\/www.radiofiskars.fi\/wp-content\/uploads\/2025\/10\/Maxim-Fedorov-FINSH.mp3\" class=\"powerpress_link_pinw\" target=\"_blank\" title=\"Play in new window\" onclick=\"return powerpress_pinw('https:\/\/www.radiofiskars.fi\/wordpress\/?powerpress_pinw=9821-podcast');\" rel=\"nofollow\">Play in new window<\/a><\/p><!--powerpress_player-->","protected":false},"excerpt":{"rendered":"<p>Tunnettu toimittaja-kirjailija Maxim Fedorov tarkastelee l\u00e4mpim\u00e4sti ja oivaltavasti kahta kotimaataan, joiden tarinat ovat erilaisia mutta joissa on paljon yhtenev\u00e4isyyksi\u00e4.&nbsp; Ven\u00e4j\u00e4n rajanaapurit Suomi ja Ukraina itsen\u00e4istyiv\u00e4t samoihin aikoihin Ven\u00e4j\u00e4n keisarikunnan hajottua 1917, mutta vain Suomi onnistui s\u00e4ilytt\u00e4m\u00e4\u00e4n itsen\u00e4isyyden. Ukraina j\u00e4i Neuvostoliiton hampaisiin ja sai odottaa uutta itsen\u00e4isyytt\u00e4\u00e4n yli 70 vuotta.&nbsp; Suomella ja Ukrainalla oli kuitenkin koko &hellip; <a href=\"https:\/\/www.radiofiskars.fi\/wordpress\/2025\/10\/maxim-fedorov-itsenaisyydesta-itsenaisyyteen\/\" class=\"more-link\">Jatka lukemista <span class=\"screen-reader-text\">Maxim Fedorov: Itsen\u00e4isyydest\u00e4 itsen\u00e4isyyteen<\/span> <span class=\"meta-nav\">&rarr;<\/span><\/a><\/p>\n","protected":false},"author":2,"featured_media":0,"comment_status":"closed","ping_status":"closed","sticky":true,"template":"","format":"standard","meta":{"footnotes":""},"categories":[476,51],"tags":[1393,1609,1613,1392,1614,59],"class_list":["post-9821","post","type-post","status-publish","format-standard","hentry","category-kirjallisuus","category-tapahtumataltioinnit","tag-docendo","tag-kalle-talonen","tag-logomo","tag-maxim-fedorov","tag-mia-halonen","tag-turun-kirjamessut"],"_links":{"self":[{"href":"https:\/\/www.radiofiskars.fi\/wordpress\/wp-json\/wp\/v2\/posts\/9821","targetHints":{"allow":["GET"]}}],"collection":[{"href":"https:\/\/www.radiofiskars.fi\/wordpress\/wp-json\/wp\/v2\/posts"}],"about":[{"href":"https:\/\/www.radiofiskars.fi\/wordpress\/wp-json\/wp\/v2\/types\/post"}],"author":[{"embeddable":true,"href":"https:\/\/www.radiofiskars.fi\/wordpress\/wp-json\/wp\/v2\/users\/2"}],"replies":[{"embeddable":true,"href":"https:\/\/www.radiofiskars.fi\/wordpress\/wp-json\/wp\/v2\/comments?post=9821"}],"version-history":[{"count":7,"href":"https:\/\/www.radiofiskars.fi\/wordpress\/wp-json\/wp\/v2\/posts\/9821\/revisions"}],"predecessor-version":[{"id":9829,"href":"https:\/\/www.radiofiskars.fi\/wordpress\/wp-json\/wp\/v2\/posts\/9821\/revisions\/9829"}],"wp:attachment":[{"href":"https:\/\/www.radiofiskars.fi\/wordpress\/wp-json\/wp\/v2\/media?parent=9821"}],"wp:term":[{"taxonomy":"category","embeddable":true,"href":"https:\/\/www.radiofiskars.fi\/wordpress\/wp-json\/wp\/v2\/categories?post=9821"},{"taxonomy":"post_tag","embeddable":true,"href":"https:\/\/www.radiofiskars.fi\/wordpress\/wp-json\/wp\/v2\/tags?post=9821"}],"curies":[{"name":"wp","href":"https:\/\/api.w.org\/{rel}","templated":true}]}}